
{"id":8460,"date":"2020-02-11T09:57:01","date_gmt":"2020-02-11T15:57:01","guid":{"rendered":"https:\/\/amnistia.org.mx\/contenido\/?p=8460"},"modified":"2020-04-23T21:20:55","modified_gmt":"2020-04-23T21:20:55","slug":"cuenta-atras-para-la-justicia-en-turquia","status":"publish","type":"post","link":"https:\/\/amnistia.org.mx\/contenido\/index.php\/cuenta-atras-para-la-justicia-en-turquia\/","title":{"rendered":"Cuenta atr\u00e1s para la justicia en Turqu\u00eda"},"content":{"rendered":"<p>El 19 de febrero \u2014m\u00e1s de dos a\u00f1os despu\u00e9s de su detenci\u00f3n inicial\u2014, 11 activistas de derechos humanos escuchar\u00e1n la sentencia de un tribunal sobre unos cargos que podr\u00edan suponerles penas de hasta 15 a\u00f1os de c\u00e1rcel.<\/p>\n<p><strong>\u00bfQui\u00e9nes son?<\/strong><\/p>\n<p>Nalan Erkem, \u0130lknur \u00dcst\u00fcn, Veli Acu, Peter Steudtner, \u0130dil Eser, Ali Gharavi, \u015eeyhmus \u00d6zbekli, \u015eeyhmus \u00d6zbekli, G\u00fcnal Kur\u015fun, \u00d6zlem Dalk\u0131ran y Taner K\u0131l\u0131\u00e7<\/p>\n<p><strong>\u00bfQu\u00e9 han hecho?<\/strong><\/p>\n<p>No han hecho nada malo. Han defendido los derechos humanos en Turqu\u00eda.<\/p>\n<p>Los 11 \u2014entre los que se encuentran el expresidente, la exdirectora y varios miembros de Amnist\u00eda Internacional Turqu\u00eda, as\u00ed como activistas que defienden a las mujeres y la igualdad\u2014 se enfrentan a absurdos cargos de \u201cterrorismo\u201d sin que en el transcurso de diez vistas judiciales se hayan presentado pruebas cre\u00edbles.<\/p>\n<p>Desde su detenci\u00f3n en 2017, m\u00e1s de dos millones de personas de todo el mundo \u2014desde Ai Weiwei hasta Whoopi Goldberg\u2014 han pedido justicia para estos 11 defensores y defensoras de los derechos. Ahora que este juicio injusto llega a su fin, te pedimos que te unas a nosotros sumando tu voz y enviando un mensaje de solidaridad a los 11 activistas antes de que se pronuncie la sentencia.<\/p>\n<p>Al fin y al cabo, cuando se silencia a las personas que defienden nuestros derechos, todos y todas corremos peligro.<\/p>\n<p><strong>\u00bfCu\u00e1ndo fueron detenidos y de qu\u00e9 se les acusa?<\/strong><\/p>\n<p>Taner K\u0131l\u0131\u00e7, entonces presidente de Amnist\u00eda Internacional Turqu\u00eda, fue detenido en su casa de Esmirna en la madrugada del 6 de junio de 2017. Tres d\u00edas despu\u00e9s fue encarcelado por cargos de ser miembro de lo que el gobierno denominaba \u201cOrganizaci\u00f3n Terrorista Fethullahista\u201d y a la que acusaba de ser el cerebro del violento intento de golpe de Estado de 2016. Sin prueba alguna, las autoridades afirmaron que Taner se hab\u00eda descargado \u201cByLock\u201d, una aplicaci\u00f3n de mensajer\u00eda segura que, seg\u00fan el gobierno, el grupo utilizaba para comunicarse.<\/p>\n<p>Casi un mes despu\u00e9s, el 5 de julio, diez defensores y defensoras de los derechos humanos (los \u201c10 de Estambul\u201d) fueron detenidos en un hotel en la isla de B\u00fcy\u00fckada, Estambul, donde participaban en un taller sobre bienestar y seguridad digital. Las autoridades los acusaron de participar en una reuni\u00f3n secreta. Ocho de los diez defensores y defensoras fueron encarcelados sobre la base estas acusaciones.<\/p>\n<p>\u0130dil Eser, G\u00fcnal Kur\u015fun, \u00d6zlem Dalk\u0131ran, Veli Acu, Ali Gharavi, Peter Steudtner, Nalan Erkem e \u0130lknur \u00dcst\u00fcn pasaron 99 d\u00edas en prisi\u00f3n preventiva antes de quedar en libertad bajo fianza en la primera vista sobre el caso, celebrada el 25 de octubre de 2017 en Estambul.<\/p>\n<p>El tribunal pidi\u00f3 tambi\u00e9n que la causa contra Taner se transfiriera a Estambul y se uniera al de los 10 de Estambul, alegando que Taner hab\u00eda dirigido la \u201creuni\u00f3n secreta de B\u00fcy\u00fckada\u201d a pesar de que cuando se celebr\u00f3 \u00e9l estaba en la c\u00e1rcel. En la primera vista de Taner en Esmirna, celebrada al d\u00eda siguiente, 26 de octubre, el tribunal acept\u00f3 la petici\u00f3n de transferencia del tribunal de Estambul, donde las dos causas diferentes se fusionaron en una sola. El tribunal tambi\u00e9n resolvi\u00f3 mantener la prisi\u00f3n preventiva de Taner. Desde entonces el caso se conoce como \u201cel juicio de B\u00fcy\u00fckada\u201d.<\/p>\n<p>El fiscal a\u00f1adi\u00f3 informaci\u00f3n y documentos hallados en ordenadores confiscados a los 10 de Estambul que demostraban su activismo leg\u00edtimo de derechos humanos. Entre el material a\u00f1adido se encontraba una campa\u00f1a para detener la venta de gas lacrim\u00f3geno a Turqu\u00eda, junto con unos documentos de Amnist\u00eda Internacional que ped\u00edan una subvenci\u00f3n para un proyecto de derechos humanos y otros que hac\u00edan campa\u00f1a por la liberaci\u00f3n de docentes en huelga de hambre que estaban bajo custodia.<\/p>\n<p>Amnist\u00eda Internacional ha recopilado un <a href=\"https:\/\/www.amnesty.org\/download\/Documents\/EUR4473292017SPANISH.pdf\">detallado an\u00e1lisis<\/a> del acta de acusaci\u00f3n formal y ha examinado cada uno de los cargos formulados contra los 11 acusados.<\/p>\n<p><strong>La vista m\u00e1s reciente<\/strong><\/p>\n<p>En la vista m\u00e1s reciente, celebrada en noviembre de 2019, el fiscal del Estado present\u00f3 su opini\u00f3n final, en la que ped\u00eda que se declarara culpable a Taner K\u0131l\u0131\u00e7 de \u201cpertenencia a una organizaci\u00f3n terrorista\u201d, y a Idil Eser, \u00d6zlem Dalk\u0131ran, G\u00fcnal Kur\u015fun, Veli Acu y Nejat Ta\u015ftan de \u201cayudar, a sabiendas y voluntariamente, a una organizaci\u00f3n terrorista\u201d. El fiscal pidi\u00f3 al tribunal que absolviera a Nalan Erkem, \u0130lknur \u00dcst\u00fcn, \u015eeyhmus \u00d6zbekli, Ali Gharavi y Peter Steudtner.<\/p>\n<p>El resumen de la acusaci\u00f3n es como una copia del acta de acusaci\u00f3n formal, y reproduce las acusaciones carentes de base \u2014que a lo largo de las diversas vistas se demostraron infundadas\u2014 como si todo el juicio no hubiera tenido lugar.<\/p>\n<p><strong>\u00bfQu\u00e9 es probable que suceda en la vista final?<\/strong><\/p>\n<p>Durante el juicio, la fiscal\u00eda del Estado no demostr\u00f3 su acusaci\u00f3n contra los 11 defensores y defensoras de los derechos humanos. Para que se haga justicia, los 11 deben ser absueltos. Ni siquiera deber\u00edan haber sido investigados, no digamos ya encarcelados o procesados.<\/p>\n<p>El 19 de febrero, el tribunal puede decidir ignorar la petici\u00f3n de la fiscal\u00eda de que se los declare culpables y absolverlos a todos. Por otra parte, la petici\u00f3n del fiscal de que se absuelva a cinco de ellos no garantiza esa absoluci\u00f3n. Los 11 contin\u00faan en peligro de ser declarados culpables y encarcelados.<\/p>\n<p>Si alguno de los 11 defensores y defensoras de los derechos humanos es declarado culpable, aunque no vuelva a la c\u00e1rcel a causa del tiempo que ya ha pasado en prisi\u00f3n preventiva, supondr\u00eda un terrible golpe para las personas y para la sociedad civil independiente de Turqu\u00eda.<\/p>\n<p>Cuatro de los 11 defensores y defensoras son abogados. Si se los declara culpables, y su declaraci\u00f3n de culpabilidad se confirma en apelaci\u00f3n, perder\u00edan su licencia y ya no podr\u00edan ejercer la abogac\u00eda.<\/p>\n<p>Sea cual sea la sentencia, es probable que se recurra, y el peligro continuar\u00e1 hasta que todos estos defensores y defensoras sean absueltos por el tribunal de apelaci\u00f3n, que puede tardar a\u00f1os en dictar su sentencia despu\u00e9s de la decisi\u00f3n del tribunal de primera instancia.<\/p>\n<p><strong>Solidaridad con los defensores y defensoras de los derechos humanos<\/strong><\/p>\n<p>Este caso ha tenido repercusi\u00f3n en todo el mundo, y ha generado un enorme apoyo internacional para los 11 defensores y defensoras de los derechos humanos. M\u00e1s de 2.000.000 de personas firmaron la petici\u00f3n para su excarcelaci\u00f3n y para que se retiraran los cargos en su contra.<\/p>\n<p>Gobiernos, instituciones y representantes pol\u00edticos de todo el mundo, as\u00ed como <a href=\"https:\/\/www.amnesty.ca\/news\/celebrities-join-call-turkey-release-human-rights-defenders-still-jail-after-100-days\">numerosos artistas y celebridades<\/a>, como Zo\u00eb Kravitz, Ben Stiller, Mark Ruffalo, Whoopi Goldberg, Zach Galifianakis, Annie Lennox, Bono, Peter Gabriel, Juliette Binoche, Jane Birkin, Ang\u00e9lique Kidjo, Patrick Stewart, Sting, Catherine Deneuve y Ai Weiwei, pidieron la liberaci\u00f3n de los defensores y defensoras cuando fueron puestos en prisi\u00f3n preventiva, y pidieron que los absurdos cargos se retiraran.<\/p>\n<p><strong>\u00bfQu\u00e9 puedes hacer?<\/strong><\/p>\n<p>EL apoyo internacional llegado de todo el mundo ha significado mucho para los y las 11 activistas y les ha dado alas para seguir adelante con su trabajo.<\/p>\n<p>\u00a1Pasa la acci\u00f3n y env\u00edales un mensaje solidario!<\/p>\n<p>https:\/\/www.amnesty.org\/es\/latest\/campaigns\/2020\/02\/turkey-istanbul-human-rights-activists-justice\/<\/p>\n","protected":false},"excerpt":{"rendered":"<p>El 19 de febrero \u2014m\u00e1s de dos a\u00f1os despu\u00e9s de su detenci\u00f3n inicial\u2014, 11 activistas de derechos humanos escuchar\u00e1n la sentencia de un tribunal sobre unos cargos que podr\u00edan suponerles &hellip;<\/p>\n<p class=\"read-more\"> <a class=\"\" href=\"https:\/\/amnistia.org.mx\/contenido\/index.php\/cuenta-atras-para-la-justicia-en-turquia\/\"> <span class=\"screen-reader-text\">Cuenta atr\u00e1s para la justicia en Turqu\u00eda<\/span> Leer m\u00e1s &raquo;<\/a><\/p>\n","protected":false},"author":1,"featured_media":9973,"comment_status":"open","ping_status":"open","sticky":false,"template":"","format":"standard","meta":{"_uf_show_specific_survey":0,"_uf_disable_surveys":false,"site-sidebar-layout":"default","site-content-layout":"default","ast-global-header-display":"","ast-main-header-display":"","ast-hfb-above-header-display":"","ast-hfb-below-header-display":"","ast-hfb-mobile-header-display":"","site-post-title":"","ast-breadcrumbs-content":"","ast-featured-img":"","footer-sml-layout":"","theme-transparent-header-meta":"default","adv-header-id-meta":"","stick-header-meta":"","header-above-stick-meta":"","header-main-stick-meta":"","header-below-stick-meta":""},"categories":[9],"tags":[40],"acf":[],"aioseo_notices":[],"yoast_head":"<!-- This site is optimized with the Yoast SEO plugin v14.5 - https:\/\/yoast.com\/wordpress\/plugins\/seo\/ -->\n<title>Cuenta atr\u00e1s para la justicia en Turqu\u00eda - amnistia.org.mx<\/title>\n<meta name=\"robots\" content=\"index, follow\" \/>\n<meta name=\"googlebot\" content=\"index, follow, max-snippet:-1, max-image-preview:large, max-video-preview:-1\" \/>\n<meta name=\"bingbot\" content=\"index, follow, max-snippet:-1, max-image-preview:large, max-video-preview:-1\" \/>\n<link rel=\"canonical\" href=\"https:\/\/amnistia.org.mx\/contenido\/index.php\/cuenta-atras-para-la-justicia-en-turquia\/\" \/>\n<meta property=\"og:locale\" content=\"es_MX\" \/>\n<meta property=\"og:type\" content=\"article\" \/>\n<meta property=\"og:title\" content=\"Cuenta atr\u00e1s para la justicia en Turqu\u00eda - amnistia.org.mx\" \/>\n<meta property=\"og:description\" content=\"El 19 de febrero \u2014m\u00e1s de dos a\u00f1os despu\u00e9s de su detenci\u00f3n inicial\u2014, 11 activistas de derechos humanos escuchar\u00e1n la sentencia de un tribunal sobre unos cargos que podr\u00edan suponerles &hellip; Cuenta atr\u00e1s para la justicia en Turqu\u00eda Leer m\u00e1s &raquo;\" \/>\n<meta property=\"og:url\" content=\"https:\/\/amnistia.org.mx\/contenido\/index.php\/cuenta-atras-para-la-justicia-en-turquia\/\" \/>\n<meta property=\"og:site_name\" content=\"amnistia.org.mx\" \/>\n<meta property=\"article:published_time\" content=\"2020-02-11T15:57:01+00:00\" \/>\n<meta property=\"article:modified_time\" content=\"2020-04-23T21:20:55+00:00\" \/>\n<meta property=\"og:image\" content=\"https:\/\/amnistia.org.mx\/contenido\/wp-content\/uploads\/2020\/02\/DestacadaNoticia1.jpg\" \/>\n\t<meta property=\"og:image:width\" content=\"1600\" \/>\n\t<meta property=\"og:image:height\" content=\"900\" \/>\n<meta name=\"twitter:card\" content=\"summary_large_image\" \/>\n<script type=\"application\/ld+json\" class=\"yoast-schema-graph\">{\"@context\":\"https:\/\/schema.org\",\"@graph\":[{\"@type\":\"WebSite\",\"@id\":\"https:\/\/amnistia.org.mx\/contenido\/#website\",\"url\":\"https:\/\/amnistia.org.mx\/contenido\/\",\"name\":\"amnistia.org.mx\",\"description\":\"Nueva p\\u00e1gina de Amnist\\u00eda\",\"potentialAction\":[{\"@type\":\"SearchAction\",\"target\":\"https:\/\/amnistia.org.mx\/contenido\/?s={search_term_string}\",\"query-input\":\"required name=search_term_string\"}],\"inLanguage\":\"es-MX\"},{\"@type\":\"ImageObject\",\"@id\":\"https:\/\/amnistia.org.mx\/contenido\/index.php\/cuenta-atras-para-la-justicia-en-turquia\/#primaryimage\",\"inLanguage\":\"es-MX\",\"url\":\"https:\/\/amnistia.org.mx\/contenido\/wp-content\/uploads\/2020\/02\/DestacadaNoticia1.jpg\",\"width\":1600,\"height\":900},{\"@type\":\"WebPage\",\"@id\":\"https:\/\/amnistia.org.mx\/contenido\/index.php\/cuenta-atras-para-la-justicia-en-turquia\/#webpage\",\"url\":\"https:\/\/amnistia.org.mx\/contenido\/index.php\/cuenta-atras-para-la-justicia-en-turquia\/\",\"name\":\"Cuenta atr\\u00e1s para la justicia en Turqu\\u00eda - amnistia.org.mx\",\"isPartOf\":{\"@id\":\"https:\/\/amnistia.org.mx\/contenido\/#website\"},\"primaryImageOfPage\":{\"@id\":\"https:\/\/amnistia.org.mx\/contenido\/index.php\/cuenta-atras-para-la-justicia-en-turquia\/#primaryimage\"},\"datePublished\":\"2020-02-11T15:57:01+00:00\",\"dateModified\":\"2020-04-23T21:20:55+00:00\",\"author\":{\"@id\":\"https:\/\/amnistia.org.mx\/contenido\/#\/schema\/person\/21fda9ea70346a8d831ae5288e00c200\"},\"breadcrumb\":{\"@id\":\"https:\/\/amnistia.org.mx\/contenido\/index.php\/cuenta-atras-para-la-justicia-en-turquia\/#breadcrumb\"},\"inLanguage\":\"es-MX\",\"potentialAction\":[{\"@type\":\"ReadAction\",\"target\":[\"https:\/\/amnistia.org.mx\/contenido\/index.php\/cuenta-atras-para-la-justicia-en-turquia\/\"]}]},{\"@type\":\"BreadcrumbList\",\"@id\":\"https:\/\/amnistia.org.mx\/contenido\/index.php\/cuenta-atras-para-la-justicia-en-turquia\/#breadcrumb\",\"itemListElement\":[{\"@type\":\"ListItem\",\"position\":1,\"item\":{\"@type\":\"WebPage\",\"@id\":\"https:\/\/amnistia.org.mx\/contenido\/\",\"url\":\"https:\/\/amnistia.org.mx\/contenido\/\",\"name\":\"Home\"}},{\"@type\":\"ListItem\",\"position\":2,\"item\":{\"@type\":\"WebPage\",\"@id\":\"https:\/\/amnistia.org.mx\/contenido\/index.php\/cuenta-atras-para-la-justicia-en-turquia\/\",\"url\":\"https:\/\/amnistia.org.mx\/contenido\/index.php\/cuenta-atras-para-la-justicia-en-turquia\/\",\"name\":\"Cuenta atr\\u00e1s para la justicia en Turqu\\u00eda\"}}]},{\"@type\":[\"Person\"],\"@id\":\"https:\/\/amnistia.org.mx\/contenido\/#\/schema\/person\/21fda9ea70346a8d831ae5288e00c200\",\"name\":\"pablo.vera\",\"image\":{\"@type\":\"ImageObject\",\"@id\":\"https:\/\/amnistia.org.mx\/contenido\/#personlogo\",\"inLanguage\":\"es-MX\",\"url\":\"https:\/\/secure.gravatar.com\/avatar\/b1589ba9617e6a066fd9c6f479272a31?s=96&d=mm&r=g\",\"caption\":\"pablo.vera\"}}]}<\/script>\n<!-- \/ Yoast SEO plugin. -->","_links":{"self":[{"href":"https:\/\/amnistia.org.mx\/contenido\/index.php\/wp-json\/wp\/v2\/posts\/8460"}],"collection":[{"href":"https:\/\/amnistia.org.mx\/contenido\/index.php\/wp-json\/wp\/v2\/posts"}],"about":[{"href":"https:\/\/amnistia.org.mx\/contenido\/index.php\/wp-json\/wp\/v2\/types\/post"}],"author":[{"embeddable":true,"href":"https:\/\/amnistia.org.mx\/contenido\/index.php\/wp-json\/wp\/v2\/users\/1"}],"replies":[{"embeddable":true,"href":"https:\/\/amnistia.org.mx\/contenido\/index.php\/wp-json\/wp\/v2\/comments?post=8460"}],"version-history":[{"count":1,"href":"https:\/\/amnistia.org.mx\/contenido\/index.php\/wp-json\/wp\/v2\/posts\/8460\/revisions"}],"predecessor-version":[{"id":9974,"href":"https:\/\/amnistia.org.mx\/contenido\/index.php\/wp-json\/wp\/v2\/posts\/8460\/revisions\/9974"}],"wp:featuredmedia":[{"embeddable":true,"href":"https:\/\/amnistia.org.mx\/contenido\/index.php\/wp-json\/wp\/v2\/media\/9973"}],"wp:attachment":[{"href":"https:\/\/amnistia.org.mx\/contenido\/index.php\/wp-json\/wp\/v2\/media?parent=8460"}],"wp:term":[{"taxonomy":"category","embeddable":true,"href":"https:\/\/amnistia.org.mx\/contenido\/index.php\/wp-json\/wp\/v2\/categories?post=8460"},{"taxonomy":"post_tag","embeddable":true,"href":"https:\/\/amnistia.org.mx\/contenido\/index.php\/wp-json\/wp\/v2\/tags?post=8460"}],"curies":[{"name":"wp","href":"https:\/\/api.w.org\/{rel}","templated":true}]}}