
{"id":8465,"date":"2020-02-19T00:03:31","date_gmt":"2020-02-19T06:03:31","guid":{"rendered":"https:\/\/amnistia.org.mx\/contenido\/?p=8465"},"modified":"2020-03-16T20:33:16","modified_gmt":"2020-03-16T20:33:16","slug":"mexico-amnistia-internacional-reitera-solicitud-de-reunion-al-presidente-lopez-obrador-ante-crisis-de-derechos-humanos","status":"publish","type":"post","link":"https:\/\/amnistia.org.mx\/contenido\/index.php\/mexico-amnistia-internacional-reitera-solicitud-de-reunion-al-presidente-lopez-obrador-ante-crisis-de-derechos-humanos\/","title":{"rendered":"M\u00e9xico: Amnist\u00eda Internacional reitera solicitud de reuni\u00f3n al presidente L\u00f3pez Obrador ante crisis de derechos humanos"},"content":{"rendered":"<p><strong>AVISO A MEDIOS<\/strong><\/p>\n<p>Amnist\u00eda Internacional envi\u00f3 hoy <a href=\"https:\/\/www.amnesty.org\/es\/documents\/amr41\/1832\/2020\/es\/\">una carta abierta<\/a> al presidente Andr\u00e9s Manuel L\u00f3pez Obrador, solicit\u00e1ndole una reuni\u00f3n y expresando sus preocupaciones sobre la respuesta del gobierno ante la grave crisis de derechos humanos que enfrenta M\u00e9xico.<\/p>\n<p>\u201cSi bien el gobierno ha tomado algunos pasos en materia de derechos humanos, \u00e9stos siguen siendo insuficientes para abordar de forma seria la crisis que viene enfrentando el pa\u00eds por muchos a\u00f1os. Es preocupante escuchar del presidente L\u00f3pez Obrador discursos de menosprecio al rol de las personas defensoras de derechos humanos, o ver como la Guardia Nacional es utilizada para impedir el paso de personas migrantes y refugiadas, o que contin\u00fae con fallidas estrategias militarizadas de seguridad p\u00fablica de administraciones pasadas ante la oleada de homicidios y feminicidios\u201d, dijo Erika Guevara Rosas, Directora para las Am\u00e9ricas de Amnist\u00eda Internacional.<\/p>\n<p>\u201cEn vez de evadir la responsabilidad y atacar a las personas y organizaciones que se\u00f1alan la crisis que enfrenta M\u00e9xico, le urgimos al presidente que se acerque a la sociedad civil para encontrar soluciones a esta grave situaci\u00f3n y que ponga los derechos humanos como un eje central del resto de su sexenio.\u201d<\/p>\n<p>Por m\u00e1s de cuatro d\u00e9cadas, Amnist\u00eda Internacional ha denunciado violaciones a los derechos humanos en M\u00e9xico. Desde el inicio del gobierno actual, la organizaci\u00f3n ha registrado algunos avances puntuales en materia de derechos humanos, reconociendo en especial los esfuerzos que se han realizado en el tema de personas desaparecidas.<\/p>\n<p>\u201cLa solicitud de reuni\u00f3n con el presidente responde a una invitaci\u00f3n a reuni\u00f3n que \u00e9l mismo hiciera a la organizaci\u00f3n cuando era candidato a la presidencia de M\u00e9xico, y es planteada con el fin de contribuir a atender la crisis de derechos humanos en el pa\u00eds\u201d, declar\u00f3 a su vez Tania Reneaum Panszi, Directora Ejecutiva de Amnist\u00eda Internacional M\u00e9xico.<\/p>\n<p>\u201cEs importante que el presidente escuche las propuestas que tenemos desde la sociedad civil para poner freno a la crisis de derechos humanos en el pa\u00eds, que se traduce lamentablemente en un alto costo en vidas y otras violaciones graves a los derechos humanos cada d\u00eda\u201d.<\/p>\n<p>Crecen cada vez m\u00e1s las preocupaciones de la organizaci\u00f3n con respecto a las declaraciones del presidente en contra de la sociedad civil y aquellas personas que defienden los derechos humanos en M\u00e9xico, la funci\u00f3n de la Guardia Nacional frente a la situaci\u00f3n migratoria y la vulneraci\u00f3n del derecho al asilo, la falta de resultados en el tema de violencia contra las mujeres y el feminicidio, y la necesidad de protecci\u00f3n de los derechos humanos en el \u00e1rea de seguridad p\u00fablica.<\/p>\n<p>En diciembre de 2019, Amnist\u00eda Internacional public\u00f3 un balance del estado de los derechos humanos durante el primer a\u00f1o del gobierno del presidente L\u00f3pez Obrador en el informe <a href=\"https:\/\/www.amnesty.org\/es\/documents\/amr41\/1126\/2019\/es\/\"><strong><em>Cuando las Palabras No Bastan<\/em><\/strong><\/a>. Hasta la fecha, el gobierno no ha respondido a los llamados de la organizaci\u00f3n ni ha dado seguimiento a las recomendaciones del informe.<\/p>\n<p><strong>Si desean m\u00e1s informaci\u00f3n o concertar una entrevista, p\u00f3nganse en contacto con:<\/strong><\/p>\n<p>Duncan Tucker (Amnist\u00eda Internacional Am\u00e9ricas): +52 55 4848 8266, <a href=\"mailto:duncan.tucker@amnesty.org\">duncan.tucker@amnesty.org<\/a><\/p>\n<p>Alejandro Ju\u00e1rez (Amnist\u00eda Internacional M\u00e9xico): +52 55 3121 9146, <a href=\"mailto:prensa@amnistia.org.mx\">prensa@amnistia.org.mx<\/a><\/p>\n<p><strong>M\u00e1s informaci\u00f3n:<\/strong><\/p>\n<p>Solicitud de reuni\u00f3n de alto nivel entre el presidente de M\u00e9xico y Amnist\u00eda Internacional (Carta, 13 de febrero de 2020)<\/p>\n<p><a href=\"https:\/\/www.amnesty.org\/es\/documents\/amr41\/1832\/2020\/es\/\">https:\/\/www.amnesty.org\/es\/documents\/amr41\/1832\/2020\/es\/<\/a><\/p>\n<p>M\u00e9xico: Amnist\u00eda Internacional alerta sobre la falta de avances en derechos humanos despu\u00e9s de un a\u00f1o del nuevo gobierno (Noticias, 27 de noviembre de 2019) <a href=\"https:\/\/www.amnesty.org\/es\/latest\/news\/2019\/11\/mexico-amnistia-internacional-alerta-sobre-la-falta-de-avances-en-derechos-humanos-del-nuevo-gobierno\/\">https:\/\/www.amnesty.org\/es\/latest\/news\/2019\/11\/mexico-amnistia-internacional-alerta-sobre-la-falta-de-avances-en-derechos-humanos-del-nuevo-gobierno\/<\/a><\/p>\n<p>M\u00e9xico: Gobierno de L\u00f3pez Obrador debe poner como prioridad los derechos humanos (Noticias, 12 de marzo de 2019)&nbsp;<a href=\"https:\/\/www.amnesty.org\/es\/latest\/news\/2019\/03\/mexico-gobierno-de-lopez-obrador-debe-poner-como-prioridad-los-derechos-humanos\/\">https:\/\/www.amnesty.org\/es\/latest\/news\/2019\/03\/mexico-gobierno-de-lopez-obrador-debe-poner-como-prioridad-los-derechos-humanos\/<\/a><\/p>\n<p>&nbsp;<\/p>\n","protected":false},"excerpt":{"rendered":"<p>AVISO A MEDIOS Amnist\u00eda Internacional envi\u00f3 hoy una carta abierta al presidente Andr\u00e9s Manuel L\u00f3pez Obrador, solicit\u00e1ndole una reuni\u00f3n y expresando sus preocupaciones sobre la respuesta del gobierno ante la &hellip;<\/p>\n<p class=\"read-more\"> <a class=\"\" href=\"https:\/\/amnistia.org.mx\/contenido\/index.php\/mexico-amnistia-internacional-reitera-solicitud-de-reunion-al-presidente-lopez-obrador-ante-crisis-de-derechos-humanos\/\"> <span class=\"screen-reader-text\">M\u00e9xico: Amnist\u00eda Internacional reitera solicitud de reuni\u00f3n al presidente L\u00f3pez Obrador ante crisis de derechos humanos<\/span> Leer m\u00e1s &raquo;<\/a><\/p>\n","protected":false},"author":4,"featured_media":0,"comment_status":"open","ping_status":"open","sticky":false,"template":"","format":"standard","meta":{"_uf_show_specific_survey":0,"_uf_disable_surveys":false,"site-sidebar-layout":"default","site-content-layout":"default","ast-global-header-display":"","ast-main-header-display":"","ast-hfb-above-header-display":"","ast-hfb-below-header-display":"","ast-hfb-mobile-header-display":"","site-post-title":"","ast-breadcrumbs-content":"","ast-featured-img":"","footer-sml-layout":"","theme-transparent-header-meta":"default","adv-header-id-meta":"","stick-header-meta":"","header-above-stick-meta":"","header-main-stick-meta":"","header-below-stick-meta":""},"categories":[20],"tags":[],"acf":[],"aioseo_notices":[],"yoast_head":"<!-- This site is optimized with the Yoast SEO plugin v14.5 - https:\/\/yoast.com\/wordpress\/plugins\/seo\/ -->\n<title>M\u00e9xico: Amnist\u00eda Internacional reitera solicitud de reuni\u00f3n al presidente L\u00f3pez Obrador ante crisis de derechos humanos - amnistia.org.mx<\/title>\n<meta name=\"robots\" content=\"index, follow\" \/>\n<meta name=\"googlebot\" content=\"index, follow, max-snippet:-1, max-image-preview:large, max-video-preview:-1\" \/>\n<meta name=\"bingbot\" content=\"index, follow, max-snippet:-1, max-image-preview:large, max-video-preview:-1\" \/>\n<link rel=\"canonical\" href=\"https:\/\/amnistia.org.mx\/contenido\/index.php\/mexico-amnistia-internacional-reitera-solicitud-de-reunion-al-presidente-lopez-obrador-ante-crisis-de-derechos-humanos\/\" \/>\n<meta property=\"og:locale\" content=\"es_MX\" \/>\n<meta property=\"og:type\" content=\"article\" \/>\n<meta property=\"og:title\" content=\"M\u00e9xico: Amnist\u00eda Internacional reitera solicitud de reuni\u00f3n al presidente L\u00f3pez Obrador ante crisis de derechos humanos - amnistia.org.mx\" \/>\n<meta property=\"og:description\" content=\"AVISO A MEDIOS Amnist\u00eda Internacional envi\u00f3 hoy una carta abierta al presidente Andr\u00e9s Manuel L\u00f3pez Obrador, solicit\u00e1ndole una reuni\u00f3n y expresando sus preocupaciones sobre la respuesta del gobierno ante la &hellip; M\u00e9xico: Amnist\u00eda Internacional reitera solicitud de reuni\u00f3n al presidente L\u00f3pez Obrador ante crisis de derechos humanos Leer m\u00e1s &raquo;\" \/>\n<meta property=\"og:url\" content=\"https:\/\/amnistia.org.mx\/contenido\/index.php\/mexico-amnistia-internacional-reitera-solicitud-de-reunion-al-presidente-lopez-obrador-ante-crisis-de-derechos-humanos\/\" \/>\n<meta property=\"og:site_name\" content=\"amnistia.org.mx\" \/>\n<meta property=\"article:published_time\" content=\"2020-02-19T06:03:31+00:00\" \/>\n<meta property=\"article:modified_time\" content=\"2020-03-16T20:33:16+00:00\" \/>\n<meta name=\"twitter:card\" content=\"summary_large_image\" \/>\n<script type=\"application\/ld+json\" class=\"yoast-schema-graph\">{\"@context\":\"https:\/\/schema.org\",\"@graph\":[{\"@type\":\"WebSite\",\"@id\":\"https:\/\/amnistia.org.mx\/contenido\/#website\",\"url\":\"https:\/\/amnistia.org.mx\/contenido\/\",\"name\":\"amnistia.org.mx\",\"description\":\"Nueva p\\u00e1gina de Amnist\\u00eda\",\"potentialAction\":[{\"@type\":\"SearchAction\",\"target\":\"https:\/\/amnistia.org.mx\/contenido\/?s={search_term_string}\",\"query-input\":\"required name=search_term_string\"}],\"inLanguage\":\"es-MX\"},{\"@type\":\"WebPage\",\"@id\":\"https:\/\/amnistia.org.mx\/contenido\/index.php\/mexico-amnistia-internacional-reitera-solicitud-de-reunion-al-presidente-lopez-obrador-ante-crisis-de-derechos-humanos\/#webpage\",\"url\":\"https:\/\/amnistia.org.mx\/contenido\/index.php\/mexico-amnistia-internacional-reitera-solicitud-de-reunion-al-presidente-lopez-obrador-ante-crisis-de-derechos-humanos\/\",\"name\":\"M\\u00e9xico: Amnist\\u00eda Internacional reitera solicitud de reuni\\u00f3n al presidente L\\u00f3pez Obrador ante crisis de derechos humanos - amnistia.org.mx\",\"isPartOf\":{\"@id\":\"https:\/\/amnistia.org.mx\/contenido\/#website\"},\"datePublished\":\"2020-02-19T06:03:31+00:00\",\"dateModified\":\"2020-03-16T20:33:16+00:00\",\"author\":{\"@id\":\"https:\/\/amnistia.org.mx\/contenido\/#\/schema\/person\/7db421c495688267ce8ede4625c17fa5\"},\"breadcrumb\":{\"@id\":\"https:\/\/amnistia.org.mx\/contenido\/index.php\/mexico-amnistia-internacional-reitera-solicitud-de-reunion-al-presidente-lopez-obrador-ante-crisis-de-derechos-humanos\/#breadcrumb\"},\"inLanguage\":\"es-MX\",\"potentialAction\":[{\"@type\":\"ReadAction\",\"target\":[\"https:\/\/amnistia.org.mx\/contenido\/index.php\/mexico-amnistia-internacional-reitera-solicitud-de-reunion-al-presidente-lopez-obrador-ante-crisis-de-derechos-humanos\/\"]}]},{\"@type\":\"BreadcrumbList\",\"@id\":\"https:\/\/amnistia.org.mx\/contenido\/index.php\/mexico-amnistia-internacional-reitera-solicitud-de-reunion-al-presidente-lopez-obrador-ante-crisis-de-derechos-humanos\/#breadcrumb\",\"itemListElement\":[{\"@type\":\"ListItem\",\"position\":1,\"item\":{\"@type\":\"WebPage\",\"@id\":\"https:\/\/amnistia.org.mx\/contenido\/\",\"url\":\"https:\/\/amnistia.org.mx\/contenido\/\",\"name\":\"Home\"}},{\"@type\":\"ListItem\",\"position\":2,\"item\":{\"@type\":\"WebPage\",\"@id\":\"https:\/\/amnistia.org.mx\/contenido\/index.php\/mexico-amnistia-internacional-reitera-solicitud-de-reunion-al-presidente-lopez-obrador-ante-crisis-de-derechos-humanos\/\",\"url\":\"https:\/\/amnistia.org.mx\/contenido\/index.php\/mexico-amnistia-internacional-reitera-solicitud-de-reunion-al-presidente-lopez-obrador-ante-crisis-de-derechos-humanos\/\",\"name\":\"M\\u00e9xico: Amnist\\u00eda Internacional reitera solicitud de reuni\\u00f3n al presidente L\\u00f3pez Obrador ante crisis de derechos humanos\"}}]},{\"@type\":[\"Person\"],\"@id\":\"https:\/\/amnistia.org.mx\/contenido\/#\/schema\/person\/7db421c495688267ce8ede4625c17fa5\",\"name\":\"Alejandro Ju\\u00e1rez Gamero\",\"image\":{\"@type\":\"ImageObject\",\"@id\":\"https:\/\/amnistia.org.mx\/contenido\/#personlogo\",\"inLanguage\":\"es-MX\",\"url\":\"https:\/\/secure.gravatar.com\/avatar\/e312d5566d1c3ffb56f86415d6f0e606?s=96&d=mm&r=g\",\"caption\":\"Alejandro Ju\\u00e1rez Gamero\"}}]}<\/script>\n<!-- \/ Yoast SEO plugin. -->","_links":{"self":[{"href":"https:\/\/amnistia.org.mx\/contenido\/index.php\/wp-json\/wp\/v2\/posts\/8465"}],"collection":[{"href":"https:\/\/amnistia.org.mx\/contenido\/index.php\/wp-json\/wp\/v2\/posts"}],"about":[{"href":"https:\/\/amnistia.org.mx\/contenido\/index.php\/wp-json\/wp\/v2\/types\/post"}],"author":[{"embeddable":true,"href":"https:\/\/amnistia.org.mx\/contenido\/index.php\/wp-json\/wp\/v2\/users\/4"}],"replies":[{"embeddable":true,"href":"https:\/\/amnistia.org.mx\/contenido\/index.php\/wp-json\/wp\/v2\/comments?post=8465"}],"version-history":[{"count":1,"href":"https:\/\/amnistia.org.mx\/contenido\/index.php\/wp-json\/wp\/v2\/posts\/8465\/revisions"}],"predecessor-version":[{"id":8590,"href":"https:\/\/amnistia.org.mx\/contenido\/index.php\/wp-json\/wp\/v2\/posts\/8465\/revisions\/8590"}],"wp:attachment":[{"href":"https:\/\/amnistia.org.mx\/contenido\/index.php\/wp-json\/wp\/v2\/media?parent=8465"}],"wp:term":[{"taxonomy":"category","embeddable":true,"href":"https:\/\/amnistia.org.mx\/contenido\/index.php\/wp-json\/wp\/v2\/categories?post=8465"},{"taxonomy":"post_tag","embeddable":true,"href":"https:\/\/amnistia.org.mx\/contenido\/index.php\/wp-json\/wp\/v2\/tags?post=8465"}],"curies":[{"name":"wp","href":"https:\/\/api.w.org\/{rel}","templated":true}]}}