
{"id":8469,"date":"2020-02-19T17:41:58","date_gmt":"2020-02-19T23:41:58","guid":{"rendered":"https:\/\/amnistia.org.mx\/contenido\/?p=8469"},"modified":"2020-03-16T20:32:33","modified_gmt":"2020-03-16T20:32:33","slug":"organizaciones-de-la-sociedad-civil-exigen-al-estado-mexicano-medidas-concretas-que-prevengan-y-erradiquen-la-violencia-contra-las-mujeres","status":"publish","type":"post","link":"https:\/\/amnistia.org.mx\/contenido\/index.php\/organizaciones-de-la-sociedad-civil-exigen-al-estado-mexicano-medidas-concretas-que-prevengan-y-erradiquen-la-violencia-contra-las-mujeres\/","title":{"rendered":"Organizaciones de la Sociedad Civil exigen al Estado mexicano medidas concretas que prevengan y erradiquen la violencia contra las mujeres"},"content":{"rendered":"<ul>\n<li>Las OSC condenan los feminicidios en M\u00e9xico y exigen a las autoridades el acceso a la justicia para las v\u00edctimas y sus familias.<\/li>\n<\/ul>\n<ul>\n<li>El Estado mexicano incumple su deber de proteger la vida y la seguridad de las mujeres.<\/li>\n<\/ul>\n<ul>\n<li>El Estado debe priorizar la prevenci\u00f3n, atenci\u00f3n, investigaci\u00f3n y sanci\u00f3n de la violencia en contra de las mujeres.<\/li>\n<\/ul>\n<ul>\n<li>Al criminalizar a las manifestantes, el Estado muestra falta de apertura y atenci\u00f3n a las demandas de las mujeres.<\/li>\n<\/ul>\n<p>Las Organizaciones de la Sociedad Civil (OSC) expresamos nuestra m\u00e1s en\u00e9rgica condena por los feminicidios de la ni\u00f1a F\u00e1tima Cecilia e Ingrid Escamilla, manifestamos nuestra solidaridad con sus familias por tan lamentable p\u00e9rdida y exigimos a las autoridades una investigaci\u00f3n expedita y apegada a derecho para sancionar a quienes resulten responsables, as\u00ed como garant\u00edas de no repetici\u00f3n.<\/p>\n<p>Los feminicidios son la punta del <em>iceberg<\/em> del incumplimiento del deber del Estado de proteger la vida de las mujeres que hemos denunciado desde la sociedad civil durante m\u00e1s de dos d\u00e9cadas con los feminicidios en Ciudad Ju\u00e1rez.<\/p>\n<p>En el a\u00f1o 2009 la Corte Interamericana de Derechos Humanos (CorIDH) emiti\u00f3 la sentencia sobre el caso del campo algodonero. Desde entonces el Estado mexicano ha sido omiso en la estandarizaci\u00f3n de protocolos, manuales y criterios de investigaci\u00f3n de todos los delitos que se relacionen con desapariciones forzadas, violencia sexual y feminicidios. Esta sentencia mandata adem\u00e1s una serie de pol\u00edticas p\u00fablicas orientadas a la prevenci\u00f3n de las violencias contra las mujeres que no han sido cumplidas por el Estado mexicano, tal como lo evidencia el incremento sostenido en el n\u00famero de asesinatos de mujeres.<\/p>\n<p>En M\u00e9xico dos tercios de las ni\u00f1as y mujeres de 15 a\u00f1os o m\u00e1s han sufrido violencia de g\u00e9nero al menos una vez en su vida. Las cifras oficiales muestran que, en 10 a\u00f1os, de 2007 a 2017, la tasa de homicidios de mujeres casi se triplic\u00f3, pasando de 34.2 a 85 por cada 100,000 mujeres. &nbsp;Uno de cada diez feminicidios es en menores de 17 a\u00f1os. Durante 2019 se registraron 3,616 muertes violentas de mujeres, de las cuales 976 est\u00e1n siendo investigadas como feminicidios por las fiscal\u00edas.<\/p>\n<p>La administraci\u00f3n del Presidente Andr\u00e9s Manuel L\u00f3pez Obrador no ha demostrado que los feminicidios y otras violencias contra las mujeres sea un tema prioritario. Al respecto, s\u00f3lo se han hecho p\u00fablicas dos pol\u00edticas gubernamentales en materia de violencia contra las mujeres: el <strong>Plan Emergente para garantizar la Integridad, la Seguridad y la Vida de las Mujeres y las Ni\u00f1as en M\u00e9xico<\/strong>, y el <strong>Acuerdo Nacional entre Hombres y Mujeres 2019-2024<\/strong>, que menciona al Programa Nacional para la Igualdad de Oportunidades y No Discriminaci\u00f3n contra las Mujeres 2019-2024 (PROIGUALDAD). Sin embargo, ninguno est\u00e1 publicado en el Diario Oficial de la Federaci\u00f3n. El Estado tambi\u00e9n nos debe la publicaci\u00f3n del Programa Nacional para Prevenir, Atender, Sancionar y Erradicar la Violencia contra las Mujeres que por mandato de ley debe elaborar.<\/p>\n<p>Por ello las OSC exigimos al Estado mexicano a que implemente pol\u00edticas p\u00fablicas, de tipo transversal e integrales, tendentes a garantizar la seguridad y la vida de las mujeres en M\u00e9xico. Las mismas deben incluir, entre otras recomendaciones, las que hizo a M\u00e9xico en 2018 el Comit\u00e9 para la Eliminaci\u00f3n de Todas las Formas de Discriminaci\u00f3n contra la Mujer (CEDAW), que contemplan emprender acciones para superar las actitudes patriarcales sexistas y los estereotipos discriminatorios sobre las funciones y responsabilidades de las mujeres y los hombres en la familia y en la sociedad. Las mismas deben ir acompa\u00f1adas de presupuestos adecuados y suficientes para implementaci\u00f3n.<\/p>\n<p>La violencia contra las mujeres es una manifestaci\u00f3n de las relaciones de poder hist\u00f3ricamente desiguales entre hombres y mujeres. Los lamentables feminicidios de Ingrid y F\u00e1tima ponen de manifiesto la forma en que la inclemente violencia nos persigue a las mujeres desde la ni\u00f1ez hasta la vida adulta, ante la indiferencia del Estado.<\/p>\n<p>Por ello las mujeres exigimos que el Estado nos proteja y se nos deje de asesinar s\u00f3lo porque somos mujeres. Por eso tambi\u00e9n defendemos nuestro derecho a salir a las calles a protestar y exigir al gobierno acciones concretas que prevengan y erradiquen las violencias que atentan contra nuestra integridad y nuestra vida.<\/p>\n<p><strong>Firmantes<\/strong><\/p>\n<p>Alianza por los Derechos Humanos y la Acci\u00f3n Social<\/p>\n<p>AMAM A.C<\/p>\n<p>Ambulante AC<\/p>\n<p>Amnist\u00eda Internacional<\/p>\n<p>Arthemisas por la Equidad, A.C.<\/p>\n<p>Borde Jur\u00eddico<\/p>\n<p>Borde Pol\u00edtico<\/p>\n<p>Buscando Desaparecidos M\u00e9xico B\u00daSCAME<\/p>\n<p>Cat\u00f3licas por el Derecho a Decidir<\/p>\n<p>Causa en Com\u00fan A.C.<\/p>\n<p>CAFEMIN<\/p>\n<p>CDH Fray Mat\u00edas de C\u00f3rdova<\/p>\n<p>Centro de Apoyo a la Mujer Griselda \u00c1lvarez A.C.<\/p>\n<p>Centro de Derechos Humanos Miguel Agust\u00edn Pro Ju\u00e1rez<\/p>\n<p>CLADEM M\u00e9xico<\/p>\n<p>Coalici\u00f3n Nacional de Mujeres Rurales A.C.<\/p>\n<p>Colectiva Feminista Nayarit<\/p>\n<p>Cinema Queer M\u00e9xico<\/p>\n<p>Comisi\u00f3n Mexicana de Defensa y Promoci\u00f3n de los Derechos Humanos<\/p>\n<p>Comit\u00e9 de Derechos Humanos de Nuevo Laredo A.C.<\/p>\n<p>Comit\u00e9 Estrat\u00e9gico de Ayuda Humanitaria TIJUANA<\/p>\n<p>CONSICEM<\/p>\n<p>Convivencia Joven, AC<\/p>\n<p>Colectivo Mujeres Puerto Vallarta<\/p>\n<p>Crea Comunidades de Emprendedores Sociales, AC<\/p>\n<p>Data C\u00edvica<\/p>\n<p>Derechos de la Infancia y Adolescencia A.C.<\/p>\n<p>Dignidad y justicia en el camino, AC (FM4 Pasolibre)<\/p>\n<p>El D\u00eda Despu\u00e9s<\/p>\n<p>Equidad de G\u00e9nero, Ciudadan\u00eda, Trabajo y Familia<\/p>\n<p>Estudios y Estrategias para el Desarrollo y la Equidad A.C.<\/p>\n<p>Federaci\u00f3n ind\u00edgena empresarial y comunidades locales de M\u00e9xico, AC<\/p>\n<p>Fondo Semillas<\/p>\n<p>Fundaci\u00f3n Appleseed M\u00e9xico, AC<\/p>\n<p>Fundaci\u00f3n de la Barra Mexicana<\/p>\n<p>Fundaci\u00f3n para la Justicia y el Estado Democr\u00e1tico de Derecho, A C<\/p>\n<p>Fundaci\u00f3n por la Promoci\u00f3n el Desarrollo y el Empoderamiento de las Mujeres A.C.<\/p>\n<p>Gendes A.C<\/p>\n<p>Grupo de Informaci\u00f3n en Reproducci\u00f3n Elegida<\/p>\n<p>Hogar Justo Hogar<\/p>\n<p>Impunidad Cero<\/p>\n<p>IMUMI, Instituto para las Mujeres en la Migraci\u00f3n<\/p>\n<p>Infancia y Justicia A.C.<\/p>\n<p>Instituto de Liderazgo Simone de Beauvoir<\/p>\n<p>Instituto Mexicano para la Competitividad AC (IMCO)<\/p>\n<p>Instituto para la Seguridad y la Democracia Insyde, AC<\/p>\n<p>Ipas M\u00e9xico<\/p>\n<p>Mexicanos contra la Corrupci\u00f3n y la Impunidad<\/p>\n<p>M\u00e9xico Unido contra la Delincuencia<\/p>\n<p>Observatorio Nacional Ciudadano de Seguridad, Justicia y Legalidad (ONC)<\/p>\n<p>Oxfam M\u00e9xico A.C.<\/p>\n<p>Red por los derechos sexuales y reproductivos en M\u00e9xico &#8211; ddeser<\/p>\n<p>REDIM Red por los derechos de la infancia en M\u00e9xico<\/p>\n<p>Remufem<\/p>\n<p>Ruta c\u00edvica, AC<\/p>\n<p>Saber para la Vida, AC<\/p>\n<p>Sin Fronteras IAP<\/p>\n<p>Versus Periodismo Deportivo, AC<\/p>\n<p>&nbsp;<\/p>\n<p>&#8212;<\/p>\n<p>Adriana Garc\u00eda Cota<\/p>\n<p>Alejandra Nu\u00f1o<\/p>\n<p>Alexandra D\u00e9lano Alonso<\/p>\n<p>Alexa von Wobeser<\/p>\n<p>Amanda Echeverr\u00eda Corcuera<\/p>\n<p>Ana Francisca Vega<\/p>\n<p>Ana Lorena Delgadillo P\u00e9rez<\/p>\n<p>Ana Luc\u00eda G\u00f3mez Kurth<\/p>\n<p>Andrea Valeria Mart\u00ednez Mart\u00ednez<\/p>\n<p>Ang\u00e9lica Reyes<\/p>\n<p>Berenice Valdez Rivera<\/p>\n<p>Brenda Andrea Vel\u00e1zquez Valdez<\/p>\n<p>Brenda Lozano<\/p>\n<p>Camila Sodi<\/p>\n<p>Carmen Ortega Casanovas<\/p>\n<p>Cecilia Su\u00e1rez<\/p>\n<p>Claudia Aguilar Barroso<\/p>\n<p>Daniela Alatorre<\/p>\n<p>Dinorah Arceta<\/p>\n<p>Dolores Heredia<\/p>\n<p>Edith Olivares Ferreto<\/p>\n<p>Elvira Liceaga<\/p>\n<p>Emma Obrador Garrido Dom\u00ednguez<\/p>\n<p>Erika Guevara<\/p>\n<p>Fabiola Navarro<\/p>\n<p>Fabiola Rivera<\/p>\n<p>Frin\u00e9 Salguero<\/p>\n<p>Gabriela J\u00e1uregui<\/p>\n<p>Gabriela G\u00e1mez Gait\u00e1n<\/p>\n<p>Gabriela Warkentin<\/p>\n<p>Guadalupe Ramos<\/p>\n<p>Ilse Salas<\/p>\n<p>Irene Tello<\/p>\n<p>Irma Uribe<\/p>\n<p>Ixchel Cisneros Soltero<\/p>\n<p>Johanna Murillo<\/p>\n<p>Johanna Ruiz Galindo<\/p>\n<p>Julieta Venegas<\/p>\n<p>Julieta Patricia Tello Alfonso<\/p>\n<p>Laura Novaro Holgu\u00edn<\/p>\n<p>Leire Guti\u00e9rrez Diez<\/p>\n<p>Leonor Quiroz Carrillo<\/p>\n<p>Leonora Mil\u00e1n<\/p>\n<p>Leticia Jauregui<\/p>\n<p>Lisa S\u00e1nchez<\/p>\n<p>Luisa Reyes Retana<\/p>\n<p>Lydiette Carri\u00f3n<\/p>\n<p>Marcela Villalobos Andrade<\/p>\n<p>Mar Cruz<\/p>\n<p>Mar\u00eda Fernanda Su\u00e1rez<\/p>\n<p>Maite Azuela<\/p>\n<p>Mar\u00eda \u00c1lvarez<\/p>\n<p>Mar\u00eda Amparo Casar<\/p>\n<p>Mar\u00eda de los \u00c1ngeles Anaya G\u00f3mez Montenegro<\/p>\n<p>Mar\u00eda Fernanda Rodr\u00edguez Calva<\/p>\n<p>Mar\u00eda Graciela Tobar Collao<\/p>\n<p>Mar\u00eda Jos\u00e9 Avil\u00e9s<\/p>\n<p>Mariana Niembro<\/p>\n<p>Mariclaire Acosta Urquidi<\/p>\n<p>Martha Sosa<\/p>\n<p>Micaela Jazm\u00edn Garfias Bucio<\/p>\n<p>Miriam Gonz\u00e1lez S\u00e1nchez<\/p>\n<p>Norma Gonz\u00e1lez Ben\u00edtez<\/p>\n<p>Paula Amor<\/p>\n<p>Pilar Noriega<\/p>\n<p>Raquel Pastor Escobar<\/p>\n<p>Regina Tam\u00e9s<\/p>\n<p>Renata Villoro Vald\u00e9s<\/p>\n<p>Sarah Aguilar<\/p>\n<p>Sophie Alexander-Katz<\/p>\n<p>Tania Reneaum Panszi<\/p>\n<p>Ver\u00f3nica Ang\u00e9lica De Anda Celis<\/p>\n<p>Yuriria Sierra<\/p>\n<p>&nbsp;<\/p>\n","protected":false},"excerpt":{"rendered":"<p>Las OSC condenan los feminicidios en M\u00e9xico y exigen a las autoridades el acceso a la justicia para las v\u00edctimas y sus familias. El Estado mexicano incumple su deber de &hellip;<\/p>\n<p class=\"read-more\"> <a class=\"\" href=\"https:\/\/amnistia.org.mx\/contenido\/index.php\/organizaciones-de-la-sociedad-civil-exigen-al-estado-mexicano-medidas-concretas-que-prevengan-y-erradiquen-la-violencia-contra-las-mujeres\/\"> <span class=\"screen-reader-text\">Organizaciones de la Sociedad Civil exigen al Estado mexicano medidas concretas que prevengan y erradiquen la violencia contra las mujeres<\/span> Leer m\u00e1s &raquo;<\/a><\/p>\n","protected":false},"author":4,"featured_media":0,"comment_status":"open","ping_status":"open","sticky":false,"template":"","format":"standard","meta":{"_uf_show_specific_survey":0,"_uf_disable_surveys":false,"site-sidebar-layout":"default","site-content-layout":"default","ast-global-header-display":"","ast-main-header-display":"","ast-hfb-above-header-display":"","ast-hfb-below-header-display":"","ast-hfb-mobile-header-display":"","site-post-title":"","ast-breadcrumbs-content":"","ast-featured-img":"","footer-sml-layout":"","theme-transparent-header-meta":"default","adv-header-id-meta":"","stick-header-meta":"","header-above-stick-meta":"","header-main-stick-meta":"","header-below-stick-meta":""},"categories":[20],"tags":[],"acf":[],"aioseo_notices":[],"yoast_head":"<!-- This site is optimized with the Yoast SEO plugin v14.5 - https:\/\/yoast.com\/wordpress\/plugins\/seo\/ -->\n<title>Organizaciones de la Sociedad Civil exigen al Estado mexicano medidas concretas que prevengan y erradiquen la violencia contra las mujeres - amnistia.org.mx<\/title>\n<meta name=\"robots\" content=\"index, follow\" \/>\n<meta name=\"googlebot\" content=\"index, follow, max-snippet:-1, max-image-preview:large, max-video-preview:-1\" \/>\n<meta name=\"bingbot\" content=\"index, follow, max-snippet:-1, max-image-preview:large, max-video-preview:-1\" \/>\n<link rel=\"canonical\" href=\"https:\/\/amnistia.org.mx\/contenido\/index.php\/organizaciones-de-la-sociedad-civil-exigen-al-estado-mexicano-medidas-concretas-que-prevengan-y-erradiquen-la-violencia-contra-las-mujeres\/\" \/>\n<meta property=\"og:locale\" content=\"es_MX\" \/>\n<meta property=\"og:type\" content=\"article\" \/>\n<meta property=\"og:title\" content=\"Organizaciones de la Sociedad Civil exigen al Estado mexicano medidas concretas que prevengan y erradiquen la violencia contra las mujeres - amnistia.org.mx\" \/>\n<meta property=\"og:description\" content=\"Las OSC condenan los feminicidios en M\u00e9xico y exigen a las autoridades el acceso a la justicia para las v\u00edctimas y sus familias. El Estado mexicano incumple su deber de &hellip; Organizaciones de la Sociedad Civil exigen al Estado mexicano medidas concretas que prevengan y erradiquen la violencia contra las mujeres Leer m\u00e1s &raquo;\" \/>\n<meta property=\"og:url\" content=\"https:\/\/amnistia.org.mx\/contenido\/index.php\/organizaciones-de-la-sociedad-civil-exigen-al-estado-mexicano-medidas-concretas-que-prevengan-y-erradiquen-la-violencia-contra-las-mujeres\/\" \/>\n<meta property=\"og:site_name\" content=\"amnistia.org.mx\" \/>\n<meta property=\"article:published_time\" content=\"2020-02-19T23:41:58+00:00\" \/>\n<meta property=\"article:modified_time\" content=\"2020-03-16T20:32:33+00:00\" \/>\n<meta name=\"twitter:card\" content=\"summary_large_image\" \/>\n<script type=\"application\/ld+json\" class=\"yoast-schema-graph\">{\"@context\":\"https:\/\/schema.org\",\"@graph\":[{\"@type\":\"WebSite\",\"@id\":\"https:\/\/amnistia.org.mx\/contenido\/#website\",\"url\":\"https:\/\/amnistia.org.mx\/contenido\/\",\"name\":\"amnistia.org.mx\",\"description\":\"Nueva p\\u00e1gina de Amnist\\u00eda\",\"potentialAction\":[{\"@type\":\"SearchAction\",\"target\":\"https:\/\/amnistia.org.mx\/contenido\/?s={search_term_string}\",\"query-input\":\"required name=search_term_string\"}],\"inLanguage\":\"es-MX\"},{\"@type\":\"WebPage\",\"@id\":\"https:\/\/amnistia.org.mx\/contenido\/index.php\/organizaciones-de-la-sociedad-civil-exigen-al-estado-mexicano-medidas-concretas-que-prevengan-y-erradiquen-la-violencia-contra-las-mujeres\/#webpage\",\"url\":\"https:\/\/amnistia.org.mx\/contenido\/index.php\/organizaciones-de-la-sociedad-civil-exigen-al-estado-mexicano-medidas-concretas-que-prevengan-y-erradiquen-la-violencia-contra-las-mujeres\/\",\"name\":\"Organizaciones de la Sociedad Civil exigen al Estado mexicano medidas concretas que prevengan y erradiquen la violencia contra las mujeres - amnistia.org.mx\",\"isPartOf\":{\"@id\":\"https:\/\/amnistia.org.mx\/contenido\/#website\"},\"datePublished\":\"2020-02-19T23:41:58+00:00\",\"dateModified\":\"2020-03-16T20:32:33+00:00\",\"author\":{\"@id\":\"https:\/\/amnistia.org.mx\/contenido\/#\/schema\/person\/7db421c495688267ce8ede4625c17fa5\"},\"breadcrumb\":{\"@id\":\"https:\/\/amnistia.org.mx\/contenido\/index.php\/organizaciones-de-la-sociedad-civil-exigen-al-estado-mexicano-medidas-concretas-que-prevengan-y-erradiquen-la-violencia-contra-las-mujeres\/#breadcrumb\"},\"inLanguage\":\"es-MX\",\"potentialAction\":[{\"@type\":\"ReadAction\",\"target\":[\"https:\/\/amnistia.org.mx\/contenido\/index.php\/organizaciones-de-la-sociedad-civil-exigen-al-estado-mexicano-medidas-concretas-que-prevengan-y-erradiquen-la-violencia-contra-las-mujeres\/\"]}]},{\"@type\":\"BreadcrumbList\",\"@id\":\"https:\/\/amnistia.org.mx\/contenido\/index.php\/organizaciones-de-la-sociedad-civil-exigen-al-estado-mexicano-medidas-concretas-que-prevengan-y-erradiquen-la-violencia-contra-las-mujeres\/#breadcrumb\",\"itemListElement\":[{\"@type\":\"ListItem\",\"position\":1,\"item\":{\"@type\":\"WebPage\",\"@id\":\"https:\/\/amnistia.org.mx\/contenido\/\",\"url\":\"https:\/\/amnistia.org.mx\/contenido\/\",\"name\":\"Home\"}},{\"@type\":\"ListItem\",\"position\":2,\"item\":{\"@type\":\"WebPage\",\"@id\":\"https:\/\/amnistia.org.mx\/contenido\/index.php\/organizaciones-de-la-sociedad-civil-exigen-al-estado-mexicano-medidas-concretas-que-prevengan-y-erradiquen-la-violencia-contra-las-mujeres\/\",\"url\":\"https:\/\/amnistia.org.mx\/contenido\/index.php\/organizaciones-de-la-sociedad-civil-exigen-al-estado-mexicano-medidas-concretas-que-prevengan-y-erradiquen-la-violencia-contra-las-mujeres\/\",\"name\":\"Organizaciones de la Sociedad Civil exigen al Estado mexicano medidas concretas que prevengan y erradiquen la violencia contra las mujeres\"}}]},{\"@type\":[\"Person\"],\"@id\":\"https:\/\/amnistia.org.mx\/contenido\/#\/schema\/person\/7db421c495688267ce8ede4625c17fa5\",\"name\":\"Alejandro Ju\\u00e1rez Gamero\",\"image\":{\"@type\":\"ImageObject\",\"@id\":\"https:\/\/amnistia.org.mx\/contenido\/#personlogo\",\"inLanguage\":\"es-MX\",\"url\":\"https:\/\/secure.gravatar.com\/avatar\/e312d5566d1c3ffb56f86415d6f0e606?s=96&d=mm&r=g\",\"caption\":\"Alejandro Ju\\u00e1rez Gamero\"}}]}<\/script>\n<!-- \/ Yoast SEO plugin. -->","_links":{"self":[{"href":"https:\/\/amnistia.org.mx\/contenido\/index.php\/wp-json\/wp\/v2\/posts\/8469"}],"collection":[{"href":"https:\/\/amnistia.org.mx\/contenido\/index.php\/wp-json\/wp\/v2\/posts"}],"about":[{"href":"https:\/\/amnistia.org.mx\/contenido\/index.php\/wp-json\/wp\/v2\/types\/post"}],"author":[{"embeddable":true,"href":"https:\/\/amnistia.org.mx\/contenido\/index.php\/wp-json\/wp\/v2\/users\/4"}],"replies":[{"embeddable":true,"href":"https:\/\/amnistia.org.mx\/contenido\/index.php\/wp-json\/wp\/v2\/comments?post=8469"}],"version-history":[{"count":1,"href":"https:\/\/amnistia.org.mx\/contenido\/index.php\/wp-json\/wp\/v2\/posts\/8469\/revisions"}],"predecessor-version":[{"id":8589,"href":"https:\/\/amnistia.org.mx\/contenido\/index.php\/wp-json\/wp\/v2\/posts\/8469\/revisions\/8589"}],"wp:attachment":[{"href":"https:\/\/amnistia.org.mx\/contenido\/index.php\/wp-json\/wp\/v2\/media?parent=8469"}],"wp:term":[{"taxonomy":"category","embeddable":true,"href":"https:\/\/amnistia.org.mx\/contenido\/index.php\/wp-json\/wp\/v2\/categories?post=8469"},{"taxonomy":"post_tag","embeddable":true,"href":"https:\/\/amnistia.org.mx\/contenido\/index.php\/wp-json\/wp\/v2\/tags?post=8469"}],"curies":[{"name":"wp","href":"https:\/\/api.w.org\/{rel}","templated":true}]}}