
{"id":8509,"date":"2020-02-27T00:20:20","date_gmt":"2020-02-27T06:20:20","guid":{"rendered":"https:\/\/amnistia.org.mx\/contenido\/?p=8509"},"modified":"2020-03-16T20:34:17","modified_gmt":"2020-03-16T20:34:17","slug":"hoja-informativa-principales-acontecimientos-en-materia-de-derechos-humanos-en-las-americas-2019","status":"publish","type":"post","link":"https:\/\/amnistia.org.mx\/contenido\/index.php\/hoja-informativa-principales-acontecimientos-en-materia-de-derechos-humanos-en-las-americas-2019\/","title":{"rendered":"Hoja informativa: principales acontecimientos en materia de derechos humanos en las Am\u00e9ricas, 2019"},"content":{"rendered":"<p><strong>Amnist\u00eda Internacional &#8211; Informe Anual sobre las Am\u00e9ricas 2019<\/strong><\/p>\n<p><strong>Embargado hasta las 00:01 horas, hora local de Ciudad de M\u00e9xico (6:01 horas GMT), del 27 de febrero de 2020<\/strong><\/p>\n<p><strong>&nbsp;<\/strong>En 2019, Amnist\u00eda Internacional document\u00f3 graves violaciones de derechos humanos en 24 pa\u00edses de las Am\u00e9ricas. A continuaci\u00f3n, incluimos algunos ejemplos de los principales acontecimientos analizados en materia de derechos humanos.<strong>&nbsp;<\/strong><\/p>\n<p><strong>BOLIVIA<\/strong><\/p>\n<p>Tras la dimisi\u00f3n de Evo Morales en plena crisis sociopol\u00edtica en noviembre, la presidenta interina Jeanine \u00c1\u00f1ez emiti\u00f3 un decreto que otorgaba impunidad a las fuerzas armadas, y en virtud del cual las fuerzas del Estado reprimieron las protestas: causaron muertes e infligieron heridas a decenas de personas, y dieron lugar a denuncias de uso excesivo de la fuerza. Al menos 35 personas murieron violentamente en el contexto de las protestas.<strong>&nbsp;<\/strong><\/p>\n<p><strong>BRASIL<\/strong><\/p>\n<p>El gobierno del presidente Bolsonaro puso en pr\u00e1ctica su ret\u00f3rica abiertamente contraria a los derechos humanos a trav\u00e9s de medidas administrativas y legislativas. Durante el a\u00f1o se produjo tambi\u00e9n un aumento del n\u00famero de homicidios cometidos por polic\u00edas en servicio activo, y las graves crisis medioambientales en la Amazon\u00eda afectaron desproporcionadamente a los pueblos ind\u00edgenas, los <em>quilombolas<\/em> y otras comunidades tradicionales locales; adem\u00e1s, hubo un intento de restringir las actividades de las organizaciones de la sociedad civil, y los defensores y defensoras de los derechos humanos fueron v\u00edctimas de amenazas y homicidios.<strong>&nbsp;<\/strong><\/p>\n<p><strong>CHILE<\/strong><\/p>\n<p>Chile termin\u00f3 2019 con la peor crisis de derechos humanos vivida en el pa\u00eds desde el r\u00e9gimen del general Augusto Pinochet, con manifestaciones multitudinarias contra la elevada desigualdad. Al menos 31 personas murieron violentamente en el contexto de las protestas, que fueron reprimidas en\u00e9rgicamente por las fuerzas del Estado.<strong>&nbsp;<\/strong><\/p>\n<p><strong>COLOMBIA<\/strong><\/p>\n<p>La violencia a causa del conflicto armado interno en curso y de las disputas por el control territorial continu\u00f3 azotando al pa\u00eds tras la firma del Acuerdo de Paz de 2016. Las v\u00edctimas principales segu\u00edan siendo los pueblos ind\u00edgenas y las comunidades afrodescendientes y campesinas. Colombia fue el pa\u00eds m\u00e1s letal para los defensores y defensoras de los derechos humanos, con 106 homicidios.<strong>&nbsp;<\/strong><\/p>\n<p><strong>CUBA<\/strong><\/p>\n<p>Un a\u00f1o despu\u00e9s de que el presidente D\u00edaz-Canel ocupara su cargo, las autoridades cubanas siguieron deteniendo y encarcelando arbitrariamente a periodistas y artistas independientes, y a miembros de la oposici\u00f3n pol\u00edtica. Amnist\u00eda Internacional adopt\u00f3 a seis presos de conciencia, que representaban s\u00f3lo una peque\u00f1a proporci\u00f3n de las personas que probablemente estaban detenidas exclusivamente por expresar de forma pac\u00edfica sus opiniones o creencias. La isla continuaba b\u00e1sicamente cerrada para los observadores independientes de derechos humanos.<strong>&nbsp;<\/strong><\/p>\n<p><strong>ECUADOR<\/strong><\/p>\n<p>Las autoridades no protegieron a defensores y defensoras de los derechos humanos en situaciones de riesgo, especialmente los que defend\u00edan en medioambiente; adem\u00e1s, hicieron declaraciones xen\u00f3fobas y endurecieron los requisitos de entrada al pa\u00eds para las personas solicitantes de asilo procedentes de Venezuela. Las fuerzas de seguridad hicieron un uso excesivo de la fuerza para reprimir las protestas contra las medidas de austeridad que pod\u00edan afectar a los derechos de las personas. Ocho personas murieron en el contexto de las protestas en octubre, y centenares resultaron heridas o fueron detenidas.<strong>&nbsp;<\/strong><\/p>\n<p><strong>EL SALVADOR<\/strong><\/p>\n<p>Los elevados niveles de violencia siguieron provocando desplazamiento interno y migraci\u00f3n forzada. Las organizaciones locales informaron sobre la preocupaci\u00f3n por el plan del nuevo gobierno contra la delincuencia organizada, en concreto por aspectos como la falta de transparencia, el uso del ej\u00e9rcito para operaciones de seguridad p\u00fablica y el impacto del plan en las condiciones de reclusi\u00f3n. Segu\u00eda vigente la draconiana prohibici\u00f3n total del aborto.<strong>&nbsp;<\/strong><\/p>\n<p><strong>ESTADOS UNIDOS<\/strong><\/p>\n<p>Las autoridades estadounidenses detuvieron, maltrataron y rechazaron a miles de personas solicitantes de asilo en la frontera de Estados Unidos con M\u00e9xico, en contra de lo dispuesto tanto por la legislaci\u00f3n nacional como por el derecho internacional. A consecuencia de ello sufrieron abusos menores no acompa\u00f1ados, familias, personas LGBTI y otras personas varadas en el norte de M\u00e9xico y en centros de detenci\u00f3n para inmigrantes de Estados Unidos. El gobierno de Trump aument\u00f3 el uso indebido del sistema de justicia penal para amenazar y acosar a quienes defend\u00edan los derechos humanos.<strong>&nbsp;<\/strong><\/p>\n<p><strong>GUATEMALA<\/strong><\/p>\n<p>El gobierno cerr\u00f3 la Comisi\u00f3n Internacional contra la Impunidad en Guatemala, y el Congreso debati\u00f3 retr\u00f3grados proyectos de ley que promov\u00edan la impunidad y restring\u00edan el trabajo de quienes defend\u00edan los derechos humanos. Continuaron los ataques contra los defensores y defensoras de los derechos humanos, con actos como campa\u00f1as difamatorias, criminalizaci\u00f3n y homicidios. En virtud de un nuevo acuerdo de \u201ctercer pa\u00eds seguro\u201d, las autoridades estadounidenses enviaron a las personas solicitantes de asilo de Honduras y El Salvador a que presentaran sus solicitudes en Guatemala, en lugar de en Estados Unidos.<strong>&nbsp;<\/strong><\/p>\n<p><strong>HAIT\u00cd<\/strong><\/p>\n<p>Al menos 83 personas perdieron la vida y m\u00e1s de un centenar resultaron heridas en el contexto de protestas durante febrero y septiembre-octubre. Se calculaba que las fuerzas de seguridad eran responsables de 19 de esas muertes. Amnist\u00eda Internacional verific\u00f3 casos en los que polic\u00edas armados con rifles semiautom\u00e1ticos hab\u00edan disparado munici\u00f3n real durante las protestas, cosa que infring\u00eda las normas internacionales relativas a la actuaci\u00f3n policial y los derechos humanos. Varios periodistas resultaron heridos o muertos.<strong>&nbsp;<\/strong><\/p>\n<p><strong>HONDURAS<\/strong><\/p>\n<p>Seis personas murieron en el contexto de protestas que fueron reprimidas con brutalidad por las fuerzas de seguridad entre abril y junio. Los defensores y defensoras de los derechos humanos siguieron siendo blanco de ataques, que inclu\u00edan homicidios y el uso indebido de procedimientos penales contra ellos. A pesar de que miles de personas huyeron del pa\u00eds buscando en Estados Unidos y M\u00e9xico refugio frente a la violencia, la impunidad y la pobreza, los gobiernos de Honduras y Estados Unidos firmaron un acuerdo de \u201ctercer pa\u00eds seguro\u201d.<strong>&nbsp;<\/strong><\/p>\n<p><strong>M\u00c9XICO<\/strong><\/p>\n<p>En su primer a\u00f1o, el nuevo gobierno tom\u00f3 preocupantes decisiones respecto a la seguridad, incluida la creaci\u00f3n de una Guardia Nacional formada principalmente por elementos militares. El n\u00famero de desapariciones denunciadas aument\u00f3 a m\u00e1s de 61.637. Persist\u00eda la violencia contra las mujeres, con 1.006 investigaciones abiertas sobre feminicidios. Continuaron el acoso y los homicidios contra periodistas y defensores y defensoras de los derechos humanos. M\u00e9xico adopt\u00f3 un enfoque de las cuestiones migratorias basado en la seguridad, en el que utiliz\u00f3 a la Guardia Nacional para capturar a personas migrantes.<strong>&nbsp;<\/strong><\/p>\n<p><strong>NICARAGUA<\/strong><\/p>\n<p>Continu\u00f3 la crisis de Nicaragua, con detenciones arbitrarias, homicidios selectivos, restricciones a la libertad de expresi\u00f3n y las manifestaciones, y ataques contra ONG, periodistas y personas que defend\u00edan los derechos humanos. Miles de personas se vieron obligadas a huir del pa\u00eds, y las autoridades bloquearon la entrada de \u00f3rganos internacionales.<strong>&nbsp;<\/strong><\/p>\n<p><strong>PER\u00da<\/strong><\/p>\n<p>Las autoridades realizaron declaraciones xen\u00f3fobas e impusieron requisitos m\u00e1s estrictos de entrada a las personas solicitantes de asilo procedentes de Venezuela. El gobierno tampoco abord\u00f3 la exposici\u00f3n de comunidades ind\u00edgenas a metales t\u00f3xicos, y la falta de normativas efectivas afectaba a los derechos de los pueblos ind\u00edgenas.<strong>&nbsp;<\/strong><\/p>\n<p><strong>PUERTO RICO<\/strong><\/p>\n<p>Ricardo Rossell\u00f3 dimiti\u00f3 como gobernador en julio, tras dos semanas de protestas en las que 20 personas resultaron heridas y 17 fueron detenidas. La gobernadora Wanda V\u00e1zquez Garced declar\u00f3 un estado de alerta nacional debido a los altos \u00edndices de violencia de g\u00e9nero. Dos a\u00f1os despu\u00e9s del hurac\u00e1n Mar\u00eda, decenas de miles de personas segu\u00edan viviendo bajo lonas azules.<strong>&nbsp;<\/strong><\/p>\n<p><strong>REP\u00daBLICA DOMINICANA<\/strong><\/p>\n<p>La polic\u00eda\u202fviolaba, golpeaba y humillaba de forma habitual a las mujeres que se dedicaban al trabajo sexual, en actos que pod\u00edan constituir tortura u otros malos tratos por raz\u00f3n de g\u00e9nero. El aborto segu\u00eda estando criminalizado en todas las circunstancias.<strong>&nbsp;<\/strong><\/p>\n<p><strong>VENEZUELA<\/strong><\/p>\n<p>El gobierno de Maduro sigui\u00f3 utilizando ejecuciones extrajudiciales, fuerza excesiva y tortura como parte de una pol\u00edtica de represi\u00f3n para silenciar la disidencia. Al menos 47 personas murieron en el contexto de las protestas, entre ellas 21 que murieron en enero a manos de las fuerzas de seguridad y de civiles armados que actuaban con su aquiescencia, en lo que pueden constituir cr\u00edmenes de lesa humanidad. La falta de alimentos, atenci\u00f3n m\u00e9dica y servicios b\u00e1sicos han obligado a m\u00e1s de 4,8 millones de personas a huir del pa\u00eds.<\/p>\n<p><strong>Si desean m\u00e1s informaci\u00f3n o concertar una entrevista, p\u00f3nganse en contacto con:<\/strong><\/p>\n<p>Alejandro Ju\u00e1rez Gamero (Amnist\u00eda Internacional M\u00e9xico): +52 55 3121 9146, <a href=\"mailto:prensa@amnistia.org.mx\">prensa@amnistia.org.mx<\/a><\/p>\n<p>Duncan Tucker (Amnist\u00eda Internacional Am\u00e9ricas): +52 55 4848 8266, <a href=\"mailto:duncan.tucker@amnesty.org\">duncan.tucker@amnesty.org<\/a><\/p>\n<p>&nbsp;<\/p>\n<p>&nbsp;<\/p>\n<p>&nbsp;<\/p>\n","protected":false},"excerpt":{"rendered":"<p>Amnist\u00eda Internacional &#8211; Informe Anual sobre las Am\u00e9ricas 2019 Embargado hasta las 00:01 horas, hora local de Ciudad de M\u00e9xico (6:01 horas GMT), del 27 de febrero de 2020 &nbsp;En &hellip;<\/p>\n<p class=\"read-more\"> <a class=\"\" href=\"https:\/\/amnistia.org.mx\/contenido\/index.php\/hoja-informativa-principales-acontecimientos-en-materia-de-derechos-humanos-en-las-americas-2019\/\"> <span class=\"screen-reader-text\">Hoja informativa: principales acontecimientos en materia de derechos humanos en las Am\u00e9ricas, 2019<\/span> Leer m\u00e1s &raquo;<\/a><\/p>\n","protected":false},"author":1,"featured_media":0,"comment_status":"open","ping_status":"open","sticky":false,"template":"","format":"standard","meta":{"_uf_show_specific_survey":0,"_uf_disable_surveys":false,"site-sidebar-layout":"default","site-content-layout":"default","ast-global-header-display":"","ast-main-header-display":"","ast-hfb-above-header-display":"","ast-hfb-below-header-display":"","ast-hfb-mobile-header-display":"","site-post-title":"","ast-breadcrumbs-content":"","ast-featured-img":"","footer-sml-layout":"","theme-transparent-header-meta":"default","adv-header-id-meta":"","stick-header-meta":"","header-above-stick-meta":"","header-main-stick-meta":"","header-below-stick-meta":""},"categories":[20],"tags":[40,28],"acf":[],"aioseo_notices":[],"yoast_head":"<!-- This site is optimized with the Yoast SEO plugin v14.5 - https:\/\/yoast.com\/wordpress\/plugins\/seo\/ -->\n<title>Hoja informativa: principales acontecimientos en materia de derechos humanos en las Am\u00e9ricas, 2019 - amnistia.org.mx<\/title>\n<meta name=\"robots\" content=\"index, follow\" \/>\n<meta name=\"googlebot\" content=\"index, follow, max-snippet:-1, max-image-preview:large, max-video-preview:-1\" \/>\n<meta name=\"bingbot\" content=\"index, follow, max-snippet:-1, max-image-preview:large, max-video-preview:-1\" \/>\n<link rel=\"canonical\" href=\"https:\/\/amnistia.org.mx\/contenido\/index.php\/hoja-informativa-principales-acontecimientos-en-materia-de-derechos-humanos-en-las-americas-2019\/\" \/>\n<meta property=\"og:locale\" content=\"es_MX\" \/>\n<meta property=\"og:type\" content=\"article\" \/>\n<meta property=\"og:title\" content=\"Hoja informativa: principales acontecimientos en materia de derechos humanos en las Am\u00e9ricas, 2019 - amnistia.org.mx\" \/>\n<meta property=\"og:description\" content=\"Amnist\u00eda Internacional &#8211; Informe Anual sobre las Am\u00e9ricas 2019 Embargado hasta las 00:01 horas, hora local de Ciudad de M\u00e9xico (6:01 horas GMT), del 27 de febrero de 2020 &nbsp;En &hellip; Hoja informativa: principales acontecimientos en materia de derechos humanos en las Am\u00e9ricas, 2019 Leer m\u00e1s &raquo;\" \/>\n<meta property=\"og:url\" content=\"https:\/\/amnistia.org.mx\/contenido\/index.php\/hoja-informativa-principales-acontecimientos-en-materia-de-derechos-humanos-en-las-americas-2019\/\" \/>\n<meta property=\"og:site_name\" content=\"amnistia.org.mx\" \/>\n<meta property=\"article:published_time\" content=\"2020-02-27T06:20:20+00:00\" \/>\n<meta property=\"article:modified_time\" content=\"2020-03-16T20:34:17+00:00\" \/>\n<meta name=\"twitter:card\" content=\"summary_large_image\" \/>\n<script type=\"application\/ld+json\" class=\"yoast-schema-graph\">{\"@context\":\"https:\/\/schema.org\",\"@graph\":[{\"@type\":\"WebSite\",\"@id\":\"https:\/\/amnistia.org.mx\/contenido\/#website\",\"url\":\"https:\/\/amnistia.org.mx\/contenido\/\",\"name\":\"amnistia.org.mx\",\"description\":\"Nueva p\\u00e1gina de Amnist\\u00eda\",\"potentialAction\":[{\"@type\":\"SearchAction\",\"target\":\"https:\/\/amnistia.org.mx\/contenido\/?s={search_term_string}\",\"query-input\":\"required name=search_term_string\"}],\"inLanguage\":\"es-MX\"},{\"@type\":\"WebPage\",\"@id\":\"https:\/\/amnistia.org.mx\/contenido\/index.php\/hoja-informativa-principales-acontecimientos-en-materia-de-derechos-humanos-en-las-americas-2019\/#webpage\",\"url\":\"https:\/\/amnistia.org.mx\/contenido\/index.php\/hoja-informativa-principales-acontecimientos-en-materia-de-derechos-humanos-en-las-americas-2019\/\",\"name\":\"Hoja informativa: principales acontecimientos en materia de derechos humanos en las Am\\u00e9ricas, 2019 - amnistia.org.mx\",\"isPartOf\":{\"@id\":\"https:\/\/amnistia.org.mx\/contenido\/#website\"},\"datePublished\":\"2020-02-27T06:20:20+00:00\",\"dateModified\":\"2020-03-16T20:34:17+00:00\",\"author\":{\"@id\":\"https:\/\/amnistia.org.mx\/contenido\/#\/schema\/person\/21fda9ea70346a8d831ae5288e00c200\"},\"breadcrumb\":{\"@id\":\"https:\/\/amnistia.org.mx\/contenido\/index.php\/hoja-informativa-principales-acontecimientos-en-materia-de-derechos-humanos-en-las-americas-2019\/#breadcrumb\"},\"inLanguage\":\"es-MX\",\"potentialAction\":[{\"@type\":\"ReadAction\",\"target\":[\"https:\/\/amnistia.org.mx\/contenido\/index.php\/hoja-informativa-principales-acontecimientos-en-materia-de-derechos-humanos-en-las-americas-2019\/\"]}]},{\"@type\":\"BreadcrumbList\",\"@id\":\"https:\/\/amnistia.org.mx\/contenido\/index.php\/hoja-informativa-principales-acontecimientos-en-materia-de-derechos-humanos-en-las-americas-2019\/#breadcrumb\",\"itemListElement\":[{\"@type\":\"ListItem\",\"position\":1,\"item\":{\"@type\":\"WebPage\",\"@id\":\"https:\/\/amnistia.org.mx\/contenido\/\",\"url\":\"https:\/\/amnistia.org.mx\/contenido\/\",\"name\":\"Home\"}},{\"@type\":\"ListItem\",\"position\":2,\"item\":{\"@type\":\"WebPage\",\"@id\":\"https:\/\/amnistia.org.mx\/contenido\/index.php\/hoja-informativa-principales-acontecimientos-en-materia-de-derechos-humanos-en-las-americas-2019\/\",\"url\":\"https:\/\/amnistia.org.mx\/contenido\/index.php\/hoja-informativa-principales-acontecimientos-en-materia-de-derechos-humanos-en-las-americas-2019\/\",\"name\":\"Hoja informativa: principales acontecimientos en materia de derechos humanos en las Am\\u00e9ricas, 2019\"}}]},{\"@type\":[\"Person\"],\"@id\":\"https:\/\/amnistia.org.mx\/contenido\/#\/schema\/person\/21fda9ea70346a8d831ae5288e00c200\",\"name\":\"pablo.vera\",\"image\":{\"@type\":\"ImageObject\",\"@id\":\"https:\/\/amnistia.org.mx\/contenido\/#personlogo\",\"inLanguage\":\"es-MX\",\"url\":\"https:\/\/secure.gravatar.com\/avatar\/b1589ba9617e6a066fd9c6f479272a31?s=96&d=mm&r=g\",\"caption\":\"pablo.vera\"}}]}<\/script>\n<!-- \/ Yoast SEO plugin. -->","_links":{"self":[{"href":"https:\/\/amnistia.org.mx\/contenido\/index.php\/wp-json\/wp\/v2\/posts\/8509"}],"collection":[{"href":"https:\/\/amnistia.org.mx\/contenido\/index.php\/wp-json\/wp\/v2\/posts"}],"about":[{"href":"https:\/\/amnistia.org.mx\/contenido\/index.php\/wp-json\/wp\/v2\/types\/post"}],"author":[{"embeddable":true,"href":"https:\/\/amnistia.org.mx\/contenido\/index.php\/wp-json\/wp\/v2\/users\/1"}],"replies":[{"embeddable":true,"href":"https:\/\/amnistia.org.mx\/contenido\/index.php\/wp-json\/wp\/v2\/comments?post=8509"}],"version-history":[{"count":1,"href":"https:\/\/amnistia.org.mx\/contenido\/index.php\/wp-json\/wp\/v2\/posts\/8509\/revisions"}],"predecessor-version":[{"id":8567,"href":"https:\/\/amnistia.org.mx\/contenido\/index.php\/wp-json\/wp\/v2\/posts\/8509\/revisions\/8567"}],"wp:attachment":[{"href":"https:\/\/amnistia.org.mx\/contenido\/index.php\/wp-json\/wp\/v2\/media?parent=8509"}],"wp:term":[{"taxonomy":"category","embeddable":true,"href":"https:\/\/amnistia.org.mx\/contenido\/index.php\/wp-json\/wp\/v2\/categories?post=8509"},{"taxonomy":"post_tag","embeddable":true,"href":"https:\/\/amnistia.org.mx\/contenido\/index.php\/wp-json\/wp\/v2\/tags?post=8509"}],"curies":[{"name":"wp","href":"https:\/\/api.w.org\/{rel}","templated":true}]}}