
{"id":8515,"date":"2020-02-27T12:32:17","date_gmt":"2020-02-27T18:32:17","guid":{"rendered":"https:\/\/amnistia.org.mx\/contenido\/?p=8515"},"modified":"2022-01-25T16:21:17","modified_gmt":"2022-01-25T22:21:17","slug":"informe-regional-2019","status":"publish","type":"post","link":"https:\/\/amnistia.org.mx\/contenido\/index.php\/informe-regional-2019\/","title":{"rendered":"\u00a1Informe Regional 2019!"},"content":{"rendered":"\t\t<div data-elementor-type=\"wp-post\" data-elementor-id=\"8515\" class=\"elementor elementor-8515\">\n\t\t\t\t\t\t\t\t\t<section class=\"elementor-section elementor-top-section elementor-element elementor-element-3635692 elementor-section-boxed elementor-section-height-default elementor-section-height-default\" data-id=\"3635692\" data-element_type=\"section\">\n\t\t\t\t\t\t<div class=\"elementor-container elementor-column-gap-default\">\n\t\t\t\t\t<div class=\"elementor-column elementor-col-100 elementor-top-column elementor-element elementor-element-70d8a2f1\" data-id=\"70d8a2f1\" data-element_type=\"column\">\n\t\t\t<div class=\"elementor-widget-wrap elementor-element-populated\">\n\t\t\t\t\t\t\t\t<div class=\"elementor-element elementor-element-4f173639 elementor-widget elementor-widget-text-editor\" data-id=\"4f173639\" data-element_type=\"widget\" data-widget_type=\"text-editor.default\">\n\t\t\t\t<div class=\"elementor-widget-container\">\n\t\t\t<style>\/*! elementor - v3.11.5 - 14-03-2023 *\/\n.elementor-widget-text-editor.elementor-drop-cap-view-stacked .elementor-drop-cap{background-color:#69727d;color:#fff}.elementor-widget-text-editor.elementor-drop-cap-view-framed .elementor-drop-cap{color:#69727d;border:3px solid;background-color:transparent}.elementor-widget-text-editor:not(.elementor-drop-cap-view-default) .elementor-drop-cap{margin-top:8px}.elementor-widget-text-editor:not(.elementor-drop-cap-view-default) .elementor-drop-cap-letter{width:1em;height:1em}.elementor-widget-text-editor .elementor-drop-cap{float:left;text-align:center;line-height:1;font-size:50px}.elementor-widget-text-editor .elementor-drop-cap-letter{display:inline-block}<\/style>\t\t\t\t<p>La desigualdad, la corrupci\u00f3n, la violencia, la degradaci\u00f3n medioambiental, la impunidad y el debilitamiento de las instituciones continuaron siendo una realidad habitual en toda la regi\u00f3n de las Am\u00e9ricas, lo que para miles de personas se traduc\u00eda en violaciones de derechos humanos cotidianas. A lo largo del a\u00f1o varios pa\u00edses de la regi\u00f3n se vieron sacudidos por manifestaciones multitudinarias, al tomar la gente las calles para exigir rendici\u00f3n de cuentas y que se respetaran sus derechos humanos. Salvo escasas excepciones, la mayor\u00eda de los gobiernos respondieron a estas protestas con represi\u00f3n y haciendo uso excesivo de la fuerza, en un intento de silenciar las reivindicaciones de mayor justicia social. En lugar de establecer mecanismos para promover el di\u00e1logo y abordar los motivos de preocupaci\u00f3n de la ciudadan\u00eda, las autoridades recurrieron a la violencia en las actuaciones policiales durante las manifestaciones y, en algunos casos, incrementaron la militarizaci\u00f3n de las operaciones de orden p\u00fablico. Durante el a\u00f1o, al menos 210 personas murieron a consecuencia de la violencia en el contexto de las protestas.<\/p>\n<p>En 2019, la regi\u00f3n de las Am\u00e9ricas continu\u00f3 siendo la m\u00e1s peligrosa del mundo para los defensores y defensoras de los derechos humanos y para quienes ejerc\u00edan el periodismo. En 2019, 208 personas perdieron la vida de manera violenta por su labor de defensa de los derechos humanos, y muchas otras sufrieron hostigamiento, criminalizaci\u00f3n y desplazamiento forzado. En algunos pa\u00edses se sigui\u00f3 sometiendo a acoso, detenciones arbitrarias y ejecuciones extrajudiciales a periodistas. Por ejemplo, en M\u00e9xico murieron de manera violenta durante el a\u00f1o al menos 10 periodistas a consecuencia de su trabajo.\n\n<!-- wp:html -->\n<p><iframe loading=\"lazy\" class=\"embed-responsive-item\" src=\"https:\/\/amnistia.org.mx\/informes\/boton27.php\" width=\"200\" height=\"80\" frameborder=\"0\" scrolling=\"NO\" align=\"center\" allowfullscreen=\"allowfullscreen\"><\/iframe><\/p>\n<!-- \/wp:html -->\n\n<!-- wp:paragraph --><!-- \/wp:paragraph -->\n\t\t\t\t\t\t<\/div>\n\t\t\t\t<\/div>\n\t\t\t\t\t<\/div>\n\t\t<\/div>\n\t\t\t\t\t\t\t<\/div>\n\t\t<\/section>\n\t\t\t\t\t\t\t<\/div>\n\t\t","protected":false},"excerpt":{"rendered":"<p>La desigualdad, la corrupci\u00f3n, la violencia, la degradaci\u00f3n medioambiental, la impunidad y el debilitamiento de las instituciones continuaron siendo una realidad habitual en toda la regi\u00f3n de las Am\u00e9ricas, lo &hellip;<\/p>\n<p class=\"read-more\"> <a class=\"\" href=\"https:\/\/amnistia.org.mx\/contenido\/index.php\/informe-regional-2019\/\"> <span class=\"screen-reader-text\">\u00a1Informe Regional 2019!<\/span> Leer m\u00e1s &raquo;<\/a><\/p>\n","protected":false},"author":5,"featured_media":8559,"comment_status":"open","ping_status":"open","sticky":false,"template":"","format":"standard","meta":{"_uf_show_specific_survey":0,"_uf_disable_surveys":false,"site-sidebar-layout":"default","site-content-layout":"default","ast-global-header-display":"","ast-main-header-display":"","ast-hfb-above-header-display":"","ast-hfb-below-header-display":"","ast-hfb-mobile-header-display":"","site-post-title":"","ast-breadcrumbs-content":"","ast-featured-img":"","footer-sml-layout":"","theme-transparent-header-meta":"default","adv-header-id-meta":"","stick-header-meta":"","header-above-stick-meta":"","header-main-stick-meta":"","header-below-stick-meta":""},"categories":[17],"tags":[40,28],"acf":[],"aioseo_notices":[],"yoast_head":"<!-- This site is optimized with the Yoast SEO plugin v14.5 - https:\/\/yoast.com\/wordpress\/plugins\/seo\/ -->\n<title>\u00a1Informe Regional 2019! - amnistia.org.mx<\/title>\n<meta name=\"robots\" content=\"index, follow\" \/>\n<meta name=\"googlebot\" content=\"index, follow, max-snippet:-1, max-image-preview:large, max-video-preview:-1\" \/>\n<meta name=\"bingbot\" content=\"index, follow, max-snippet:-1, max-image-preview:large, max-video-preview:-1\" \/>\n<link rel=\"canonical\" href=\"https:\/\/amnistia.org.mx\/contenido\/index.php\/informe-regional-2019\/\" \/>\n<meta property=\"og:locale\" content=\"es_MX\" \/>\n<meta property=\"og:type\" content=\"article\" \/>\n<meta property=\"og:title\" content=\"\u00a1Informe Regional 2019! - amnistia.org.mx\" \/>\n<meta property=\"og:description\" content=\"La desigualdad, la corrupci\u00f3n, la violencia, la degradaci\u00f3n medioambiental, la impunidad y el debilitamiento de las instituciones continuaron siendo una realidad habitual en toda la regi\u00f3n de las Am\u00e9ricas, lo &hellip; \u00a1Informe Regional 2019! Leer m\u00e1s &raquo;\" \/>\n<meta property=\"og:url\" content=\"https:\/\/amnistia.org.mx\/contenido\/index.php\/informe-regional-2019\/\" \/>\n<meta property=\"og:site_name\" content=\"amnistia.org.mx\" \/>\n<meta property=\"article:published_time\" content=\"2020-02-27T18:32:17+00:00\" \/>\n<meta property=\"article:modified_time\" content=\"2022-01-25T22:21:17+00:00\" \/>\n<meta property=\"og:image\" content=\"https:\/\/amnistia.org.mx\/contenido\/wp-content\/uploads\/2020\/02\/Bolivia-e1582828468579.jpg\" \/>\n\t<meta property=\"og:image:width\" content=\"600\" \/>\n\t<meta property=\"og:image:height\" content=\"338\" \/>\n<meta name=\"twitter:card\" content=\"summary_large_image\" \/>\n<script type=\"application\/ld+json\" class=\"yoast-schema-graph\">{\"@context\":\"https:\/\/schema.org\",\"@graph\":[{\"@type\":\"WebSite\",\"@id\":\"https:\/\/amnistia.org.mx\/contenido\/#website\",\"url\":\"https:\/\/amnistia.org.mx\/contenido\/\",\"name\":\"amnistia.org.mx\",\"description\":\"Nueva p\\u00e1gina de Amnist\\u00eda\",\"potentialAction\":[{\"@type\":\"SearchAction\",\"target\":\"https:\/\/amnistia.org.mx\/contenido\/?s={search_term_string}\",\"query-input\":\"required name=search_term_string\"}],\"inLanguage\":\"es-MX\"},{\"@type\":\"ImageObject\",\"@id\":\"https:\/\/amnistia.org.mx\/contenido\/index.php\/informe-regional-2019\/#primaryimage\",\"inLanguage\":\"es-MX\",\"url\":\"https:\/\/amnistia.org.mx\/contenido\/wp-content\/uploads\/2020\/02\/Bolivia-e1582828468579.jpg\",\"width\":600,\"height\":338},{\"@type\":\"WebPage\",\"@id\":\"https:\/\/amnistia.org.mx\/contenido\/index.php\/informe-regional-2019\/#webpage\",\"url\":\"https:\/\/amnistia.org.mx\/contenido\/index.php\/informe-regional-2019\/\",\"name\":\"\\u00a1Informe Regional 2019! - amnistia.org.mx\",\"isPartOf\":{\"@id\":\"https:\/\/amnistia.org.mx\/contenido\/#website\"},\"primaryImageOfPage\":{\"@id\":\"https:\/\/amnistia.org.mx\/contenido\/index.php\/informe-regional-2019\/#primaryimage\"},\"datePublished\":\"2020-02-27T18:32:17+00:00\",\"dateModified\":\"2022-01-25T22:21:17+00:00\",\"author\":{\"@id\":\"https:\/\/amnistia.org.mx\/contenido\/#\/schema\/person\/3936b1aa68bc541b6b24363d8660d450\"},\"breadcrumb\":{\"@id\":\"https:\/\/amnistia.org.mx\/contenido\/index.php\/informe-regional-2019\/#breadcrumb\"},\"inLanguage\":\"es-MX\",\"potentialAction\":[{\"@type\":\"ReadAction\",\"target\":[\"https:\/\/amnistia.org.mx\/contenido\/index.php\/informe-regional-2019\/\"]}]},{\"@type\":\"BreadcrumbList\",\"@id\":\"https:\/\/amnistia.org.mx\/contenido\/index.php\/informe-regional-2019\/#breadcrumb\",\"itemListElement\":[{\"@type\":\"ListItem\",\"position\":1,\"item\":{\"@type\":\"WebPage\",\"@id\":\"https:\/\/amnistia.org.mx\/contenido\/\",\"url\":\"https:\/\/amnistia.org.mx\/contenido\/\",\"name\":\"Home\"}},{\"@type\":\"ListItem\",\"position\":2,\"item\":{\"@type\":\"WebPage\",\"@id\":\"https:\/\/amnistia.org.mx\/contenido\/index.php\/informe-regional-2019\/\",\"url\":\"https:\/\/amnistia.org.mx\/contenido\/index.php\/informe-regional-2019\/\",\"name\":\"\\u00a1Informe Regional 2019!\"}}]},{\"@type\":[\"Person\"],\"@id\":\"https:\/\/amnistia.org.mx\/contenido\/#\/schema\/person\/3936b1aa68bc541b6b24363d8660d450\",\"name\":\"ana.suarez\",\"image\":{\"@type\":\"ImageObject\",\"@id\":\"https:\/\/amnistia.org.mx\/contenido\/#personlogo\",\"inLanguage\":\"es-MX\",\"url\":\"https:\/\/secure.gravatar.com\/avatar\/fc20f29d5667e5d044f428d0c4f49a87?s=96&d=mm&r=g\",\"caption\":\"ana.suarez\"}}]}<\/script>\n<!-- \/ Yoast SEO plugin. -->","_links":{"self":[{"href":"https:\/\/amnistia.org.mx\/contenido\/index.php\/wp-json\/wp\/v2\/posts\/8515"}],"collection":[{"href":"https:\/\/amnistia.org.mx\/contenido\/index.php\/wp-json\/wp\/v2\/posts"}],"about":[{"href":"https:\/\/amnistia.org.mx\/contenido\/index.php\/wp-json\/wp\/v2\/types\/post"}],"author":[{"embeddable":true,"href":"https:\/\/amnistia.org.mx\/contenido\/index.php\/wp-json\/wp\/v2\/users\/5"}],"replies":[{"embeddable":true,"href":"https:\/\/amnistia.org.mx\/contenido\/index.php\/wp-json\/wp\/v2\/comments?post=8515"}],"version-history":[{"count":11,"href":"https:\/\/amnistia.org.mx\/contenido\/index.php\/wp-json\/wp\/v2\/posts\/8515\/revisions"}],"predecessor-version":[{"id":15803,"href":"https:\/\/amnistia.org.mx\/contenido\/index.php\/wp-json\/wp\/v2\/posts\/8515\/revisions\/15803"}],"wp:featuredmedia":[{"embeddable":true,"href":"https:\/\/amnistia.org.mx\/contenido\/index.php\/wp-json\/wp\/v2\/media\/8559"}],"wp:attachment":[{"href":"https:\/\/amnistia.org.mx\/contenido\/index.php\/wp-json\/wp\/v2\/media?parent=8515"}],"wp:term":[{"taxonomy":"category","embeddable":true,"href":"https:\/\/amnistia.org.mx\/contenido\/index.php\/wp-json\/wp\/v2\/categories?post=8515"},{"taxonomy":"post_tag","embeddable":true,"href":"https:\/\/amnistia.org.mx\/contenido\/index.php\/wp-json\/wp\/v2\/tags?post=8515"}],"curies":[{"name":"wp","href":"https:\/\/api.w.org\/{rel}","templated":true}]}}